{"id":14180,"date":"2026-04-30T11:45:07","date_gmt":"2026-04-30T09:45:07","guid":{"rendered":"https:\/\/www.optimalways.com\/?p=14180"},"modified":"2026-04-30T11:45:07","modified_gmt":"2026-04-30T09:45:07","slug":"supply-chain-logistique-les-enseignements-cles-des-jeudis-de-la-retail-tech","status":"publish","type":"post","link":"https:\/\/www.optimalways.com\/fr\/2026\/04\/supply-chain-logistique-les-enseignements-cles-des-jeudis-de-la-retail-tech\/","title":{"rendered":"Supply chain &#038; logistique : les enseignements cl\u00e9s des Jeudis de la Retail Tech"},"content":{"rendered":"<p id=\"ember1575\" class=\"ember-view reader-text-block__paragraph\">Apr\u00e8s une <a class=\"QpagyvlcQUXvtNmvppcVpCcDvwBtrXdaosr \" tabindex=\"0\" href=\"https:\/\/www.linkedin.com\/pulse\/visites-carrelage-des-champs-%C3%A9lys%C3%A9es-quand-lia-acc%C3%A9l%C3%A8re-et-kx5fe\/\" target=\"_self\" data-test-app-aware-link=\"\">\u00e9dition \u201cvisite carrelages\u201d sur les Champs-\u00c9lys\u00e9es<\/a>, retour rue de Valois pour cette <strong>35e \u00e9dition des Jeudis de la Retail Tech<\/strong>, d\u00e9di\u00e9e aux <strong>enjeux de la supply chain et de la logistique<\/strong>. Une ambiance plus intimiste qu\u2019\u00e0 l\u2019accoutum\u00e9e, mais des \u00e9changes riches et passionnants sur une dimension parfois cach\u00e9e du <strong>retail<\/strong> et du <strong>e-commerce<\/strong>, pourtant <strong>absolument centrale dans la performance de l\u2019exp\u00e9rience client<\/strong>.<\/p>\n<div class=\"reader-image-block reader-image-block--full-width\">\n<figure class=\"reader-image-block__figure\">\n<div class=\"ivm-image-view-model    reader-image-block__img-container\">\n<div class=\"ivm-view-attr__img-wrapper\n\n        \"><img decoding=\"async\" id=\"ember1576\" class=\"ivm-view-attr__img--centered  reader-image-block__img evi-image lazy-image ember-view\" src=\"https:\/\/media.licdn.com\/dms\/image\/v2\/D4E12AQG6ODqLsxjH8A\/article-inline_image-shrink_1500_2232\/B4EZ22pThYIMAU-\/0\/1776885777459?e=1779321600&amp;v=beta&amp;t=nkUDoUwHkFrcdb9w3SKQQReoupPoMC4b2eNNGVx-Qec\" alt=\"Contenu de l\u2019article\" \/><\/div>\n<\/div><figcaption class=\"reader-image-block__figure-image-caption display-block full-width text-body-small-open t-sans text-align-center t-black--light\"><\/figcaption><\/figure>\n<\/div>\n<h2 id=\"ember1577\" class=\"ember-view reader-text-block__heading-2\">Cdiscount : une transformation port\u00e9e par la marketplace, l\u2019IA et l\u2019exigence client<\/h2>\n<p id=\"ember1578\" class=\"ember-view reader-text-block__paragraph\">Lors de cette intervention, <a id=\"ember1579\" class=\"ember-view\" tabindex=\"0\" href=\"https:\/\/www.linkedin.com\/in\/thomas-metivier\/\">Thomas M\u00e9tivier<\/a> a partag\u00e9 une vision tr\u00e8s concr\u00e8te de la transformation de Cdiscount, entre <strong>pivot du business model<\/strong>, <strong>\u00e9volution de la culture manag\u00e9riale<\/strong>, <strong>mont\u00e9e en puissance de l\u2019IA<\/strong> et <strong>d\u00e9fense d\u2019un mod\u00e8le fran\u00e7ais du e-commerce<\/strong>.<\/p>\n<h3 id=\"ember1580\" class=\"ember-view reader-text-block__heading-3\">\ud83d\uded2 Un acteur fran\u00e7ais de poids dans le e-commerce<\/h3>\n<p id=\"ember1581\" class=\"ember-view reader-text-block__paragraph\">Cdiscount est aujourd\u2019hui le <strong>premier acteur fran\u00e7ais du e-commerce non alimentaire<\/strong>. L\u2019entreprise repr\u00e9sente pr\u00e8s de <strong>3 milliards d\u2019euros de volume d\u2019affaires en 2025<\/strong>, avec <strong>19 millions de visiteurs uniques<\/strong> et <strong>un Fran\u00e7ais sur trois<\/strong> qui visite la plateforme chaque mois.<\/p>\n<p id=\"ember1582\" class=\"ember-view reader-text-block__paragraph\">Le mod\u00e8le repose sur une offre tr\u00e8s large, avec <strong>20 millions de produits<\/strong> et <strong>10 000 vendeurs<\/strong>, qui p\u00e8sent environ <strong>70 % de l\u2019activit\u00e9<\/strong>. En parall\u00e8le, Cdiscount r\u00e9alise encore <strong>un tiers de son business en direct<\/strong>.<\/p>\n<p id=\"ember1583\" class=\"ember-view reader-text-block__paragraph\">Cette \u00e9chelle donne la mesure du d\u00e9fi : proposer une offre large, tout en maintenant le bon niveau de <strong>qualit\u00e9 produit<\/strong>, de <strong>prix<\/strong> et de <strong>service<\/strong>. Thomas M\u00e9tivier l\u2019a rappel\u00e9 : une bonne marketplace repose d\u2019abord sur <strong>de bons vendeurs, de bons produits et une bonne qualit\u00e9 logistique<\/strong>.<\/p>\n<p id=\"ember1584\" class=\"ember-view reader-text-block__paragraph\">Install\u00e9e \u00e0 <strong>Bordeaux<\/strong> depuis sa cr\u00e9ation il y a plus de 25 ans, l\u2019entreprise compte <strong>plus de 2 000 collaborateurs<\/strong>. Elle dispose aussi de capacit\u00e9s logistiques propres, avec environ <strong>un quart des produits vendeurs exp\u00e9di\u00e9s dans la logistique de l\u2019entreprise<\/strong>.<\/p>\n<h3 id=\"ember1585\" class=\"ember-view reader-text-block__heading-3\">\ud83d\udd04 Trois ans de transformation pour relancer la dynamique<\/h3>\n<p id=\"ember1586\" class=\"ember-view reader-text-block__paragraph\">\u00c0 son arriv\u00e9e \u00e0 la t\u00eate de l\u2019entreprise, dans un contexte post-Covid jug\u00e9 compliqu\u00e9, Thomas M\u00e9tivier a lanc\u00e9 un plan de transformation articul\u00e9 autour de <strong>trois axes majeurs<\/strong>.<\/p>\n<p id=\"ember1587\" class=\"ember-view reader-text-block__paragraph\">Le premier a \u00e9t\u00e9 la <strong>transformation du business model<\/strong>. Cdiscount a acc\u00e9l\u00e9r\u00e9 son pivot vers la marketplace, un mod\u00e8le pr\u00e9sent\u00e9 comme <strong>plus rentable et plus performant<\/strong> que celui de la vente directe. Cela s\u2019est traduit par un travail sur le sourcing des vendeurs, la qualit\u00e9, les outils mis \u00e0 leur disposition et les services propos\u00e9s, notamment en logistique et en retail media.<\/p>\n<p id=\"ember1588\" class=\"ember-view reader-text-block__paragraph\">Le deuxi\u00e8me axe a consist\u00e9 \u00e0 <strong>recentrer les ventes directes<\/strong> sur les cat\u00e9gories o\u00f9 l\u2019entreprise disposait d\u00e9j\u00e0 de positions solides et de relations suffisamment fortes avec les marques. Ce mouvement s\u2019est accompagn\u00e9 d\u2019un travail de rationalisation de l\u2019assortiment et d\u2019adaptation des moyens logistiques.<\/p>\n<p id=\"ember1589\" class=\"ember-view reader-text-block__paragraph\">Le troisi\u00e8me axe a port\u00e9 sur la <strong>relance commerciale par le client<\/strong>. Apr\u00e8s une ann\u00e9e 2023 consacr\u00e9e \u00e0 la r\u00e9organisation et \u00e0 la r\u00e9orientation du mod\u00e8le, l\u2019ann\u00e9e 2024 a marqu\u00e9 une r\u00e9acc\u00e9l\u00e9ration sur la partie client, avec une <strong>nouvelle identit\u00e9 de marque<\/strong>, un <strong>nouveau logo<\/strong> et le <strong>retour de la publicit\u00e9 t\u00e9l\u00e9vis\u00e9e<\/strong>.<\/p>\n<p id=\"ember1590\" class=\"ember-view reader-text-block__paragraph\">Les premiers r\u00e9sultats ont \u00e9t\u00e9 mis en avant clairement : <strong>2025 compte 40 % de nouveaux clients en plus que 2024<\/strong>, avec une <strong>croissance sup\u00e9rieure \u00e0 celle du march\u00e9<\/strong>, et une dynamique de croissance appel\u00e9e \u00e0 se confirmer en 2026.<\/p>\n<div class=\"reader-image-block reader-image-block--full-width\">\n<figure class=\"reader-image-block__figure\">\n<div class=\"ivm-image-view-model    reader-image-block__img-container\">\n<div class=\"ivm-view-attr__img-wrapper\n\n        \"><img decoding=\"async\" id=\"ember1591\" class=\"ivm-view-attr__img--centered  reader-image-block__img evi-image lazy-image ember-view\" src=\"https:\/\/media.licdn.com\/dms\/image\/v2\/D4E12AQHM0oB_VPBQAA\/article-inline_image-shrink_1000_1488\/B4EZ25HicjJEAQ-\/0\/1776927256536?e=1779321600&amp;v=beta&amp;t=sYKbScqDitKiqE5y5f_hFcC_Ri6FEEXwv7wkLnWMufw\" alt=\"Contenu de l\u2019article\" \/><\/div>\n<\/div><figcaption class=\"reader-image-block__figure-image-caption display-block full-width text-body-small-open t-sans text-align-center t-black--light\"><\/figcaption><\/figure>\n<\/div>\n<h3 id=\"ember1592\" class=\"ember-view reader-text-block__heading-3\">\ud83e\udded Une bascule culturelle aussi importante que la transformation commerciale<\/h3>\n<p id=\"ember1593\" class=\"ember-view reader-text-block__paragraph\">L\u2019un des apports les plus int\u00e9ressants de cette prise de parole tient sans doute dans l\u2019id\u00e9e que la transformation ne se joue pas seulement sur le business model ou la tech, mais aussi sur la <strong>culture d\u2019entreprise<\/strong>.<\/p>\n<p id=\"ember1594\" class=\"ember-view reader-text-block__paragraph\">Dans un groupe g\u00e9n\u00e9raliste comme Cdiscount, les r\u00e9alit\u00e9s concurrentielles diff\u00e8rent fortement d\u2019une cat\u00e9gorie \u00e0 l\u2019autre. Ce qui fait le succ\u00e8s dans le gros \u00e9lectrom\u00e9nager n\u2019est pas la m\u00eame chose que dans la t\u00e9l\u00e9phonie, le bricolage ou le jouet. La m\u00eame logique vaut pour les briques technologiques, comme le paiement, o\u00f9 l\u2019exigence est d\u2019\u00eatre au niveau des meilleurs standards du march\u00e9.<\/p>\n<p id=\"ember1595\" class=\"ember-view reader-text-block__paragraph\">Or, pour r\u00e9pondre \u00e0 cette diversit\u00e9, il faut des \u00e9quipes capables de prendre rapidement des d\u00e9cisions pertinentes, au plus pr\u00e8s du terrain. Thomas M\u00e9tivier a expliqu\u00e9 que l\u2019entreprise fonctionnait auparavant avec un mod\u00e8le plus centralis\u00e9, marqu\u00e9 par une forte concentration de la d\u00e9cision. L\u2019enjeu a donc \u00e9t\u00e9 de <strong>rapprocher la d\u00e9cision du terrain<\/strong>, de mieux \u00e9couter les clients et de faire \u00e9voluer le r\u00f4le du management.<\/p>\n<p id=\"ember1596\" class=\"ember-view reader-text-block__paragraph\">L\u2019id\u00e9e n\u2019est pas de supprimer le management, mais de lui faire changer de posture : moins dans l\u2019ordre et le contr\u00f4le, davantage dans l\u2019appui, le challenge du raisonnement et la capacit\u00e9 \u00e0 d\u00e9bloquer les \u00e9quipes. L\u2019approche s\u2019inspire du <strong>lean management<\/strong>, notamment de Toyota, ainsi que d\u2019exemples comme Aramis Auto.<\/p>\n<p id=\"ember1597\" class=\"ember-view reader-text-block__paragraph\">Ce pivot est pr\u00e9sent\u00e9 comme un <strong>changement culturel majeur<\/strong>. Et il produit, selon Thomas M\u00e9tivier, des effets tr\u00e8s concrets : moins de batailles entre silos, davantage de r\u00e9solution de probl\u00e8mes, et une capacit\u00e9 accrue \u00e0 traiter des sujets qui cr\u00e9ent r\u00e9ellement de la valeur.<\/p>\n<h3 id=\"ember1598\" class=\"ember-view reader-text-block__heading-3\">\ud83d\udd0e Partir des probl\u00e8mes clients pour agir plus vite<\/h3>\n<p id=\"ember1599\" class=\"ember-view reader-text-block__paragraph\">L\u2019exemple du moteur de recherche illustre bien cette logique.<\/p>\n<p id=\"ember1600\" class=\"ember-view reader-text-block__paragraph\">En repartant du terrain et des verbatims clients, les \u00e9quipes ont identifi\u00e9 un probl\u00e8me simple mais concret : certaines requ\u00eates n\u2019\u00e9taient pas correctement cat\u00e9goris\u00e9es. \u00c0 partir de l\u00e0, elles ont pu retravailler le syst\u00e8me de cat\u00e9gorisation et aller chercher <strong>entre 0,5 et 1 point de conversion suppl\u00e9mentaire en un mois<\/strong>, sur un volume de <strong>1 milliard de recherches mensuelles<\/strong>.<\/p>\n<p id=\"ember1601\" class=\"ember-view reader-text-block__paragraph\">Le message est clair : lorsqu\u2019on part de sujets trop vastes, on entre dans des cycles longs. En revanche, lorsqu\u2019on part d\u2019un probl\u00e8me client pr\u00e9cis, les solutions \u00e9mergent plus vite et peuvent \u00eatre mises en \u0153uvre rapidement.<\/p>\n<h3 id=\"ember1602\" class=\"ember-view reader-text-block__heading-3\">\ud83e\udd16 Chez Cdiscount, l\u2019IA ne date pas d\u2019hier<\/h3>\n<p id=\"ember1603\" class=\"ember-view reader-text-block__paragraph\">Autre point fort de l\u2019intervention : la mani\u00e8re dont Thomas M\u00e9tivier replace l\u2019IA dans une histoire plus longue.<\/p>\n<p id=\"ember1604\" class=\"ember-view reader-text-block__paragraph\">Chez Cdiscount, l\u2019IA est un sujet concret depuis <strong>une quinzaine d\u2019ann\u00e9es<\/strong>. \u00c0 l\u2019\u00e9poque, on parlait surtout de <strong>data science<\/strong>, mais le besoin \u00e9tait d\u00e9j\u00e0 l\u00e0 : quand un site passe de quelques dizaines de milliers de produits \u00e0 plusieurs millions, les syst\u00e8mes classiques, notamment le moteur de recherche, ne suffisent plus.<\/p>\n<p id=\"ember1605\" class=\"ember-view reader-text-block__paragraph\">Cette exp\u00e9rience accumul\u00e9e a permis \u00e0 l\u2019entreprise d\u2019aborder plus rapidement la vague actuelle de l\u2019IA g\u00e9n\u00e9rative. Mais le propos n\u2019est pas de dire que cette nouvelle g\u00e9n\u00e9ration de mod\u00e8les remplace tout ce qui existait avant. Au contraire, Thomas M\u00e9tivier insiste sur une logique d\u2019int\u00e9gration pragmatique dans des syst\u00e8mes d\u00e9j\u00e0 en place.<\/p>\n<h3 id=\"ember1606\" class=\"ember-view reader-text-block__heading-3\">\u2699\ufe0f Une IA utilis\u00e9e pour mieux faire, plus vite, plus efficacement<\/h3>\n<p id=\"ember1607\" class=\"ember-view reader-text-block__paragraph\">Le premier usage \u00e9voqu\u00e9 concerne l\u2019am\u00e9lioration des syst\u00e8mes existants, notamment la <strong>cat\u00e9gorisation des produits<\/strong>.<\/p>\n<p id=\"ember1608\" class=\"ember-view reader-text-block__paragraph\">Quand GPT-3 est arriv\u00e9, les \u00e9quipes ont test\u00e9 l\u2019id\u00e9e de remplacer compl\u00e8tement leur mod\u00e8le de machine learning. Le r\u00e9sultat n\u2019a pas \u00e9t\u00e9 concluant. En revanche, l\u2019usage du mod\u00e8le uniquement sur les cas incertains s\u2019est r\u00e9v\u00e9l\u00e9 tr\u00e8s performant. Cette approche a permis de <strong>diviser par deux le taux d\u2019erreur<\/strong>, sur des volumes allant jusqu\u2019\u00e0 <strong>20 millions de nouveaux produits par semaine<\/strong>.<\/p>\n<p id=\"ember1609\" class=\"ember-view reader-text-block__paragraph\">Et l\u2019enjeu business est loin d\u2019\u00eatre marginal : un produit bien cat\u00e9goris\u00e9 se vend <strong>20 \u00e0 30 % de plus<\/strong>.<\/p>\n<p id=\"ember1610\" class=\"ember-view reader-text-block__paragraph\">L\u2019entreprise \u00e9tend progressivement cette logique \u00e0 d\u2019autres briques de sa plateforme, qu\u2019il s\u2019agisse d\u2019aider \u00e0 mieux r\u00e9diger certains messages ou d\u2019automatiser une partie de la g\u00e9n\u00e9ration de contenus.<\/p>\n<h3 id=\"ember1611\" class=\"ember-view reader-text-block__heading-3\">\ud83d\udcac Une IA qui transforme aussi l\u2019exp\u00e9rience client et vendeur<\/h3>\n<p id=\"ember1612\" class=\"ember-view reader-text-block__paragraph\">L\u2019IA ne sert pas seulement \u00e0 optimiser l\u2019existant : elle modifie aussi les parcours.<\/p>\n<p id=\"ember1613\" class=\"ember-view reader-text-block__paragraph\">Cdiscount a ainsi d\u00e9velopp\u00e9 son <strong>propre chatbot<\/strong>, capable d\u2019aider les clients dans leur recherche, de produire des r\u00e9sum\u00e9s d\u2019avis, de comparer des produits ou de traduire un besoin exprim\u00e9 en langage naturel en crit\u00e8res techniques exploitables.<\/p>\n<p id=\"ember1614\" class=\"ember-view reader-text-block__paragraph\">Aujourd\u2019hui, l\u2019usage reste encore limit\u00e9 \u00e0 <strong>quelques pourcents<\/strong>, mais le constat partag\u00e9 est net : les clients qui passent par ce canal <strong>transforment mieux<\/strong> que ceux qui utilisent uniquement le parcours classique.<\/p>\n<p id=\"ember1615\" class=\"ember-view reader-text-block__paragraph\">C\u00f4t\u00e9 vendeurs, l\u2019impact est tout aussi tangible. L\u00e0 o\u00f9 la cr\u00e9ation de produits supposait auparavant un travail long et manuel \u2014 avec <strong>7 000 cat\u00e9gories<\/strong>, des mod\u00e8les de donn\u00e9es \u00e0 s\u00e9lectionner et des mappings \u00e0 effectuer \u2014 l\u2019automatisation permet d\u00e9sormais de traiter ce travail \u00e0 partir d\u2019un simple fichier Excel brut.<\/p>\n<p id=\"ember1616\" class=\"ember-view reader-text-block__paragraph\">Le r\u00e9sultat partag\u00e9 est tr\u00e8s concret : <strong>plus d\u2019un million d\u2019euros de ventes suppl\u00e9mentaires<\/strong> ont \u00e9t\u00e9 g\u00e9n\u00e9r\u00e9s en 2025 gr\u00e2ce \u00e0 des produits cr\u00e9\u00e9s automatiquement.<\/p>\n<div class=\"reader-image-block reader-image-block--full-width\">\n<figure class=\"reader-image-block__figure\">\n<div class=\"ivm-image-view-model    reader-image-block__img-container\">\n<div class=\"ivm-view-attr__img-wrapper\n\n        \"><img decoding=\"async\" id=\"ember1617\" class=\"ivm-view-attr__img--centered  reader-image-block__img evi-image lazy-image ember-view\" src=\"https:\/\/media.licdn.com\/dms\/image\/v2\/D4E12AQE-H1Xvpd3EWQ\/article-inline_image-shrink_1500_2232\/B4EZ25HpszJkAY-\/0\/1776927285734?e=1779321600&amp;v=beta&amp;t=efrMKCnIa3H5_G7aNMoraP0KQpADPPeW8INbB_kfnLs\" alt=\"Contenu de l\u2019article\" \/><\/div>\n<\/div><figcaption class=\"reader-image-block__figure-image-caption display-block full-width text-body-small-open t-sans text-align-center t-black--light\"><\/figcaption><\/figure>\n<\/div>\n<h3 id=\"ember1618\" class=\"ember-view reader-text-block__heading-3\">\ud83e\udde0 Une transformation du travail des \u00e9quipes<\/h3>\n<p id=\"ember1619\" class=\"ember-view reader-text-block__paragraph\">Le troisi\u00e8me usage de l\u2019IA \u00e9voqu\u00e9 par Thomas M\u00e9tivier touche \u00e0 la mani\u00e8re m\u00eame dont les \u00e9quipes travaillent.<\/p>\n<p id=\"ember1620\" class=\"ember-view reader-text-block__paragraph\">L\u2019exemple donn\u00e9 est celui des \u00e9quipes offre, qui doivent identifier les produits manquants, comprendre ce que vendent les concurrents, rep\u00e9rer les \u00e9carts de prix, d\u00e9tecter les probl\u00e8mes de contenu et identifier quels vendeurs contacter. Une grande partie de ce travail, historiquement tr\u00e8s manuel, peut d\u00e9sormais \u00eatre acc\u00e9l\u00e9r\u00e9e par des outils capables de croiser des donn\u00e9es externes et internes pour faire remonter des signaux utiles.<\/p>\n<p id=\"ember1621\" class=\"ember-view reader-text-block__paragraph\">Il cite aussi l\u2019effet d\u2019acc\u00e9l\u00e9ration produit par l\u2019arriv\u00e9e de <strong>Claude<\/strong> et des usages de type <strong>cowork<\/strong>.<\/p>\n<p id=\"ember1622\" class=\"ember-view reader-text-block__paragraph\">Enfin, le sujet va jusqu\u2019au d\u00e9veloppement informatique. Depuis <strong>d\u00e9but d\u00e9cembre 2025<\/strong>, certaines \u00e9quipes mettent en production du code d\u00e9velopp\u00e9 <strong>\u00e0 100 % par des agents<\/strong>, avec validation humaine aux \u00e9tapes cl\u00e9s. L\u2019autonomie compl\u00e8te n\u2019est pas encore atteinte, mais la direction donn\u00e9e est claire : construire des formes d\u2019<strong>usines de code agentiques<\/strong> capables d\u2019acc\u00e9l\u00e9rer fortement certains chantiers, notamment sur les syst\u00e8mes legacy.<\/p>\n<p id=\"ember1623\" class=\"ember-view reader-text-block__paragraph\">Avec, au passage, une formule tr\u00e8s juste : <strong>\u00ab L\u2019IA n\u2019est pas un palliatif \u00e0 l\u2019incomp\u00e9tence. \u00bb<\/strong><\/p>\n<h3 id=\"ember1624\" class=\"ember-view reader-text-block__heading-3\">\ud83c\udf10 Commerce agentique : une vigilance sur la visibilit\u00e9, pas une remise en cause du site<\/h3>\n<p id=\"ember1625\" class=\"ember-view reader-text-block__paragraph\">Sur le commerce agentique, Thomas M\u00e9tivier distingue trois temps dans le parcours client.<\/p>\n<p id=\"ember1626\" class=\"ember-view reader-text-block__paragraph\">D\u2019abord, la phase d\u2019<strong>exploration<\/strong>, o\u00f9 le client cherche encore \u00e0 d\u00e9finir pr\u00e9cis\u00e9ment son besoin. Cdiscount y est encore peu pr\u00e9sent, mais les chatbots pourraient y prendre une place croissante.<\/p>\n<p id=\"ember1627\" class=\"ember-view reader-text-block__paragraph\">Ensuite, la phase d\u2019<strong>analyse des offres<\/strong>, qui devient un enjeu strat\u00e9gique de visibilit\u00e9. L\u2019entreprise a mis en place une \u00e9quipe d\u00e9di\u00e9e et teste <strong>3 700 prompts chaque semaine<\/strong> sur diff\u00e9rentes plateformes pour mesurer sa pr\u00e9sence et comprendre quelles actions mener.<\/p>\n<p id=\"ember1628\" class=\"ember-view reader-text-block__paragraph\">Enfin, la phase de <strong>transaction<\/strong>. Sur ce point, la conviction affich\u00e9e est claire : \u00e0 court et moyen terme, les sites e-commerce resteront <strong>indispensables<\/strong>.<\/p>\n<h3 id=\"ember1629\" class=\"ember-view reader-text-block__heading-3\">\ud83c\uddeb\ud83c\uddf7 Un acteur fran\u00e7ais face \u00e0 une concurrence asym\u00e9trique<\/h3>\n<p id=\"ember1630\" class=\"ember-view reader-text-block__paragraph\">L\u2019autre dimension forte de cette intervention concerne la position d\u2019un acteur fran\u00e7ais dans un environnement de concurrence tr\u00e8s d\u00e9s\u00e9quilibr\u00e9.<\/p>\n<p id=\"ember1631\" class=\"ember-view reader-text-block__paragraph\">Thomas M\u00e9tivier a insist\u00e9 sur les enjeux de <strong>souverainet\u00e9<\/strong>, d\u00e9j\u00e0 fragilis\u00e9s selon lui, et sur la n\u00e9cessit\u00e9 de ne pas faire preuve de na\u00efvet\u00e9 face \u00e0 certains acteurs qui ne respectent pas les r\u00e8gles du jeu dans les m\u00eames conditions que les acteurs europ\u00e9ens.<\/p>\n<p id=\"ember1632\" class=\"ember-view reader-text-block__paragraph\">Il cite notamment le cas de <strong>Shein<\/strong>, qui aurait franchi le seuil des <strong>2 milliards d\u2019euros de volume d\u2019affaires annuel<\/strong> en \u00e9tant <strong>non conforme au RGPD<\/strong> sur une p\u00e9riode donn\u00e9e.<\/p>\n<p id=\"ember1633\" class=\"ember-view reader-text-block__paragraph\">Il critique \u00e9galement la logique de certaines r\u00e9ponses publiques, comme la taxe \u00e0 2 euros, jug\u00e9e inefficace dans les faits. Selon lui, les flux se r\u00e9organisent simplement ailleurs, notamment via <strong>Anvers<\/strong>, ce qui ne cr\u00e9e ni meilleure protection ni b\u00e9n\u00e9fice r\u00e9el pour l\u2019\u00e9conomie fran\u00e7aise.<\/p>\n<p id=\"ember1634\" class=\"ember-view reader-text-block__paragraph\">S\u2019il reconna\u00eet une prise de conscience croissante sur ces sujets, il souligne aussi la lenteur des proc\u00e9dures europ\u00e9ennes, avec des d\u00e9lais de <strong>3 \u00e0 5 ans<\/strong> pour certains dossiers, ainsi que le risque que l\u2019empilement r\u00e9glementaire finisse par avantager les plus gros acteurs mondiaux, mieux arm\u00e9s pour absorber cette complexit\u00e9.<\/p>\n<h3 id=\"ember1635\" class=\"ember-view reader-text-block__heading-3\">\u2764\ufe0f La fid\u00e9lit\u00e9 client comme meilleure assurance-vie<\/h3>\n<p id=\"ember1636\" class=\"ember-view reader-text-block__paragraph\">Au fond, la r\u00e9ponse de Cdiscount ne se limite pas \u00e0 demander une meilleure r\u00e9gulation. La vraie bataille reste celle de la <strong>relation client<\/strong>.<\/p>\n<p id=\"ember1637\" class=\"ember-view reader-text-block__paragraph\">Thomas M\u00e9tivier rappelle que <strong>pr\u00e8s de 80 % de l\u2019activit\u00e9<\/strong> est r\u00e9alis\u00e9e avec des clients ayant d\u00e9j\u00e0 achet\u00e9 sur la plateforme. Le sujet central devient donc la qualit\u00e9 de la premi\u00e8re exp\u00e9rience, puis la capacit\u00e9 \u00e0 am\u00e9liorer en continu la valeur et la qualit\u00e9 d\u00e9livr\u00e9es.<\/p>\n<p id=\"ember1638\" class=\"ember-view reader-text-block__paragraph\">C\u2019est particuli\u00e8rement vrai sur les cat\u00e9gories \u00e0 fort engagement, comme le gros \u00e9lectrom\u00e9nager, la t\u00e9l\u00e9phonie ou certains \u00e9quipements de maison et de jardin, o\u00f9 la <strong>confiance<\/strong> est d\u00e9terminante.<\/p>\n<p id=\"ember1639\" class=\"ember-view reader-text-block__paragraph\">Dans cette logique, la meilleure protection face \u00e0 la concurrence reste la m\u00eame : offrir <strong>du choix, du prix et une bonne qualit\u00e9 de service<\/strong>.<\/p>\n<h3 id=\"ember1640\" class=\"ember-view reader-text-block__heading-3\">\ud83d\udccc En conclusion<\/h3>\n<p id=\"ember1641\" class=\"ember-view reader-text-block__paragraph\">Ce qui ressort de cette intervention, c\u2019est que la transformation de Cdiscount ne se r\u00e9sume ni \u00e0 un virage marketplace, ni \u00e0 une strat\u00e9gie IA.<\/p>\n<p id=\"ember1642\" class=\"ember-view reader-text-block__paragraph\">Elle repose sur un ensemble coh\u00e9rent :<\/p>\n<ul>\n<li>un <strong>recentrage du mod\u00e8le \u00e9conomique<\/strong>,<\/li>\n<li>une <strong>\u00e9volution profonde du management<\/strong>,<\/li>\n<li>une <strong>approche pragmatique de l\u2019IA<\/strong>,<\/li>\n<li>et une attention constante port\u00e9e \u00e0 la <strong>qualit\u00e9 de l\u2019exp\u00e9rience client<\/strong>.<\/li>\n<\/ul>\n<p id=\"ember1644\" class=\"ember-view reader-text-block__paragraph\">Autrement dit, une transformation o\u00f9 la tech compte beaucoup, mais toujours au service d\u2019un objectif plus fondamental : mieux servir le client, dans un march\u00e9 o\u00f9 la comp\u00e9tition est intense et o\u00f9 la fid\u00e9lit\u00e9 reste le vrai juge de paix.<\/p>\n<div class=\"reader-image-block reader-image-block--full-width\">\n<figure class=\"reader-image-block__figure\">\n<div class=\"ivm-image-view-model    reader-image-block__img-container\">\n<div class=\"ivm-view-attr__img-wrapper\n\n        \"><img decoding=\"async\" id=\"ember1645\" class=\"ivm-view-attr__img--centered  reader-image-block__img evi-image lazy-image ember-view\" src=\"https:\/\/media.licdn.com\/dms\/image\/v2\/D4E12AQEtmkBVpZ_7xw\/article-inline_image-shrink_1500_2232\/B4EZ22rF25H0AU-\/0\/1776886250447?e=1779321600&amp;v=beta&amp;t=KonaZq8ll0rgW4LlF_2vpfSEVdby3xJ-fqT79uP0Wdw\" alt=\"Contenu de l\u2019article\" \/><\/div>\n<\/div><figcaption class=\"reader-image-block__figure-image-caption display-block full-width text-body-small-open t-sans text-align-center t-black--light\"><\/figcaption><\/figure>\n<\/div>\n<h2 id=\"ember1646\" class=\"ember-view reader-text-block__heading-2\">Supply chain e-commerce : ce que veulent vraiment les Fran\u00e7ais<\/h2>\n<p id=\"ember1647\" class=\"ember-view reader-text-block__paragraph\"><a id=\"ember1648\" class=\"ember-view\" tabindex=\"0\" href=\"https:\/\/www.linkedin.com\/in\/fr%C3%A9d%C3%A9ric-micheau-26110b33\/\">Fr\u00e9d\u00e9ric MICHEAU<\/a> (DGA <strong>OpinionWay<\/strong>) a partag\u00e9 une \u00e9tude tr\u00e8s \u00e9clairante sur les attentes des Fran\u00e7ais en mati\u00e8re de livraison.<\/p>\n<p id=\"ember1649\" class=\"ember-view reader-text-block__paragraph\">Le constat est limpide : la supply chain est devenue un <strong>\u00e9l\u00e9ment central de l\u2019exp\u00e9rience client<\/strong>, avec des attentes de plus en plus \u00e9lev\u00e9es\u2026 mais aussi de plus en plus pr\u00e9cises.<\/p>\n<h3 id=\"ember1650\" class=\"ember-view reader-text-block__heading-3\">\ud83d\ude9a Le prix reste le crit\u00e8re num\u00e9ro 1<\/h3>\n<p id=\"ember1651\" class=\"ember-view reader-text-block__paragraph\">Premier enseignement : <strong>94 % des Fran\u00e7ais jugent importants les frais de livraison r\u00e9duits<\/strong><\/p>\n<p id=\"ember1652\" class=\"ember-view reader-text-block__paragraph\">C\u2019est le crit\u00e8re le plus fort, et m\u00eame le seul o\u00f9 une majorit\u00e9 absolue (<strong>54 %<\/strong>) le consid\u00e8re comme <strong>tr\u00e8s important<\/strong>.<\/p>\n<p id=\"ember1653\" class=\"ember-view reader-text-block__paragraph\">Comme le souligne Fr\u00e9d\u00e9ric Micheau, c\u2019est aussi un indicateur stable dans le temps, avec une progression de <strong>+2 points en 18 mois<\/strong>.<\/p>\n<p id=\"ember1654\" class=\"ember-view reader-text-block__paragraph\">\ud83d\udc49 Le message est clair : le prix reste le socle de la d\u00e9cision.<\/p>\n<h3 id=\"ember1655\" class=\"ember-view reader-text-block__heading-3\">\ud83d\udd01 Flexibilit\u00e9 et r\u00e9assurance ne sont plus des options<\/h3>\n<p id=\"ember1656\" class=\"ember-view reader-text-block__paragraph\">Deuxi\u00e8me enseignement fort : <strong>91 % des consommateurs attendent des politiques de retour et d\u2019\u00e9change flexibles<\/strong><\/p>\n<p id=\"ember1657\" class=\"ember-view reader-text-block__paragraph\">Et surtout : <em>\u201cce n\u2019est plus une option, c\u2019est d\u00e9sormais clairement attendu\u201d<\/em><\/p>\n<p id=\"ember1658\" class=\"ember-view reader-text-block__paragraph\">M\u00eame logique c\u00f4t\u00e9 information :<\/p>\n<p id=\"ember1659\" class=\"ember-view reader-text-block__paragraph\">\ud83d\udc49 <strong>88 % veulent suivre leur livraison en temps r\u00e9el<\/strong>, avec une progression de <strong>+7 points<\/strong><\/p>\n<p id=\"ember1660\" class=\"ember-view reader-text-block__paragraph\">On ne parle plus seulement de livraison, mais de <strong>r\u00e9assurance continue<\/strong> tout au long du parcours.<\/p>\n<div class=\"reader-image-block reader-image-block--full-width\">\n<figure class=\"reader-image-block__figure\">\n<div class=\"ivm-image-view-model    reader-image-block__img-container\">\n<div class=\"ivm-view-attr__img-wrapper\n\n        \"><img decoding=\"async\" id=\"ember1661\" class=\"ivm-view-attr__img--centered  reader-image-block__img evi-image lazy-image ember-view\" src=\"https:\/\/media.licdn.com\/dms\/image\/v2\/D4E12AQECHar8wKHPJg\/article-inline_image-shrink_1500_2232\/B4EZ25H_WFIAAY-\/0\/1776927375744?e=1779321600&amp;v=beta&amp;t=jxOAlEe6FMOmqxcg37Q56PeaGHGbC-RE2yO6sbHSu9E\" alt=\"Contenu de l\u2019article\" \/><\/div>\n<\/div><figcaption class=\"reader-image-block__figure-image-caption display-block full-width text-body-small-open t-sans text-align-center t-black--light\"><\/figcaption><\/figure>\n<\/div>\n<h3 id=\"ember1662\" class=\"ember-view reader-text-block__heading-3\">\ud83d\udce6 La mont\u00e9e en puissance de la livraison personnalis\u00e9e<\/h3>\n<p id=\"ember1663\" class=\"ember-view reader-text-block__paragraph\">C\u2019est le chiffre cl\u00e9 de l\u2019\u00e9tude : <strong>85 % des Fran\u00e7ais veulent pouvoir choisir le jour de livraison<\/strong> avec une progression spectaculaire de <strong>+15 points en 18 mois<\/strong><\/p>\n<p id=\"ember1664\" class=\"ember-view reader-text-block__paragraph\">Fr\u00e9d\u00e9ric Micheau insiste sur ce point : cela traduit une attente forte de <strong>personnalisation et de flexibilit\u00e9<\/strong><\/p>\n<p id=\"ember1665\" class=\"ember-view reader-text-block__paragraph\">Autrement dit, la livraison doit s\u2019adapter au client, et non l\u2019inverse.<\/p>\n<h3 id=\"ember1666\" class=\"ember-view reader-text-block__heading-3\">\u26a1 La rapidit\u00e9 devient un standard<\/h3>\n<p id=\"ember1667\" class=\"ember-view reader-text-block__paragraph\">Fait int\u00e9ressant : <strong>80 % des Fran\u00e7ais jugent la rapidit\u00e9 importante<\/strong><\/p>\n<p id=\"ember1668\" class=\"ember-view reader-text-block__paragraph\">Mais contrairement aux id\u00e9es re\u00e7ues : <em>\u201cce n\u2019est pas le d\u00e9terminant num\u00e9ro un\u201d<\/em><\/p>\n<p id=\"ember1669\" class=\"ember-view reader-text-block__paragraph\">C\u2019est m\u00eame le seul crit\u00e8re qui reste stable dans le temps.<\/p>\n<p id=\"ember1670\" class=\"ember-view reader-text-block__paragraph\">\ud83d\udc49 La rapidit\u00e9 est d\u00e9sormais un acquis, plus un facteur diff\u00e9renciant.<\/p>\n<h3 id=\"ember1671\" class=\"ember-view reader-text-block__heading-3\">\ud83c\udf31 L\u2019environnement progresse\u2026 mais reste secondaire<\/h3>\n<p id=\"ember1672\" class=\"ember-view reader-text-block__paragraph\"><strong>65 % des Fran\u00e7ais accordent de l\u2019importance \u00e0 une livraison respectueuse de l\u2019environnement<\/strong><\/p>\n<p id=\"ember1673\" class=\"ember-view reader-text-block__paragraph\">M\u00eame si cela progresse (<strong>+6 points<\/strong>), Fr\u00e9d\u00e9ric Micheau parle d\u2019un <strong>\u201cd\u00e9crochage\u201d<\/strong> par rapport aux autres attentes.<\/p>\n<p id=\"ember1674\" class=\"ember-view reader-text-block__paragraph\">\ud83d\udc49 La livraison verte compte\u2026 mais reste moins prioritaire que le prix, la flexibilit\u00e9 ou la fiabilit\u00e9.<\/p>\n<h3 id=\"ember1675\" class=\"ember-view reader-text-block__heading-3\">\ud83d\udcca Une confiance globalement \u00e9lev\u00e9e\u2026 mais pas totale<\/h3>\n<p id=\"ember1676\" class=\"ember-view reader-text-block__paragraph\">Sur la fiabilit\u00e9 des informations :<\/p>\n<ul>\n<li><strong>89 % font confiance \u00e0 la disponibilit\u00e9 des produits (\u201cen stock\u201d)<\/strong><\/li>\n<li><strong>78 % font confiance aux d\u00e9lais de livraison<\/strong><\/li>\n<\/ul>\n<p id=\"ember1678\" class=\"ember-view reader-text-block__paragraph\">Mais derri\u00e8re ces chiffres \u00e9lev\u00e9s, une nuance importante :<\/p>\n<p id=\"ember1679\" class=\"ember-view reader-text-block__paragraph\">\ud83d\udc49 <strong>22 % des Fran\u00e7ais ne font pas confiance aux d\u00e9lais annonc\u00e9s<\/strong><\/p>\n<p id=\"ember1680\" class=\"ember-view reader-text-block__paragraph\">Fr\u00e9d\u00e9ric Micheau l\u2019explique : probablement li\u00e9 \u00e0 des <strong>exp\u00e9riences pass\u00e9es d\u00e9cevantes<\/strong><\/p>\n<p id=\"ember1681\" class=\"ember-view reader-text-block__paragraph\">\u00c0 noter aussi : les <strong>moins de 35 ans et les cat\u00e9gories populaires<\/strong> sont encore plus confiants que la moyenne.<\/p>\n<h3 id=\"ember1682\" class=\"ember-view reader-text-block__heading-3\">\ud83e\udd16 L\u2019IA per\u00e7ue comme une solution cr\u00e9dible<\/h3>\n<p id=\"ember1683\" class=\"ember-view reader-text-block__paragraph\">Dernier point cl\u00e9 de l\u2019\u00e9tude : <strong>61 % des Fran\u00e7ais pensent que l\u2019IA peut am\u00e9liorer la fiabilit\u00e9 des informations<\/strong><\/p>\n<p id=\"ember1684\" class=\"ember-view reader-text-block__paragraph\">Dans le d\u00e9tail :<\/p>\n<ul>\n<li><strong>16 % : beaucoup plus fiables<\/strong><\/li>\n<li><strong>45 % : un peu plus fiables<\/strong><\/li>\n<\/ul>\n<p id=\"ember1686\" class=\"ember-view reader-text-block__paragraph\">Fr\u00e9d\u00e9ric Micheau insiste : il existe une <strong>confiance forte dans le potentiel de l\u2019IA<\/strong><\/p>\n<p id=\"ember1687\" class=\"ember-view reader-text-block__paragraph\">Et cette perception est encore plus marqu\u00e9e : <strong>jusqu\u2019\u00e0 80 % chez les plus jeunes<\/strong><\/p>\n<p id=\"ember1688\" class=\"ember-view reader-text-block__paragraph\">Les cas d\u2019usage \u00e9voqu\u00e9s sont tr\u00e8s concrets :<\/p>\n<ul>\n<li>mieux pr\u00e9voir les stocks<\/li>\n<li>mieux anticiper les d\u00e9lais<\/li>\n<li>informer en cas de retard ou d\u2019indisponibilit\u00e9<\/li>\n<\/ul>\n<p id=\"ember1690\" class=\"ember-view reader-text-block__paragraph\">\ud83d\udc49 L\u2019IA est donc per\u00e7ue comme un <strong>levier de fiabilit\u00e9 et de transparence<\/strong>.<\/p>\n<h3 id=\"ember1691\" class=\"ember-view reader-text-block__heading-3\">\ud83c\udfaf Ce qu\u2019il faut retenir<\/h3>\n<p id=\"ember1692\" class=\"ember-view reader-text-block__paragraph\">L\u2019\u00e9tude met en \u00e9vidence une hi\u00e9rarchie tr\u00e8s claire des attentes :<\/p>\n<ol>\n<li><strong>Le prix<\/strong> (toujours dominant)<\/li>\n<li><strong>La flexibilit\u00e9<\/strong> (retours, choix du jour)<\/li>\n<li><strong>La transparence<\/strong> (tracking, information fiable)<\/li>\n<li><strong>La rapidit\u00e9<\/strong> (d\u00e9sormais standard)<\/li>\n<li><strong>L\u2019environnement<\/strong> (important mais secondaire)<\/li>\n<\/ol>\n<p id=\"ember1694\" class=\"ember-view reader-text-block__paragraph\">Avec un point cl\u00e9 : la vraie bataille se joue d\u00e9sormais sur la <strong>qualit\u00e9 de l\u2019exp\u00e9rience de livraison<\/strong><\/p>\n<h3 id=\"ember1695\" class=\"ember-view reader-text-block__heading-3\">\ud83d\udcac Conclusion<\/h3>\n<p id=\"ember1696\" class=\"ember-view reader-text-block__paragraph\">La supply chain n\u2019est plus un simple sujet logistique.<\/p>\n<p id=\"ember1697\" class=\"ember-view reader-text-block__paragraph\">Elle devient un <strong>levier strat\u00e9gique d\u2019exp\u00e9rience client<\/strong>, o\u00f9 les attentes \u00e9voluent rapidement :<\/p>\n<ul>\n<li>plus de contr\u00f4le<\/li>\n<li>plus de personnalisation<\/li>\n<li>plus de fiabilit\u00e9<\/li>\n<\/ul>\n<p id=\"ember1699\" class=\"ember-view reader-text-block__paragraph\">Et dans ce contexte : <strong>l\u2019IA appara\u00eet comme un acc\u00e9l\u00e9rateur cl\u00e9 pour tenir la promesse client<\/strong><\/p>\n<div class=\"reader-image-block reader-image-block--full-width\">\n<figure class=\"reader-image-block__figure\">\n<div class=\"ivm-image-view-model    reader-image-block__img-container\">\n<div class=\"ivm-view-attr__img-wrapper\n\n        \"><img decoding=\"async\" id=\"ember1700\" class=\"ivm-view-attr__img--centered  reader-image-block__img evi-image lazy-image ember-view\" src=\"https:\/\/media.licdn.com\/dms\/image\/v2\/D4E12AQH68Shhpeg4NA\/article-inline_image-shrink_1500_2232\/B4EZ22tviPJkAc-\/0\/1776886943062?e=1779321600&amp;v=beta&amp;t=7U6of9_MuC8DAzPIXAYi2gb29w1FkxgyfN_hhCzd9Wg\" alt=\"Contenu de l\u2019article\" \/><\/div>\n<\/div><figcaption class=\"reader-image-block__figure-image-caption display-block full-width text-body-small-open t-sans text-align-center t-black--light\"><\/figcaption><\/figure>\n<\/div>\n<h2 id=\"ember1701\" class=\"ember-view reader-text-block__heading-2\">Supply chain : l\u2019\u00e2ge de l\u2019orchestration a commenc\u00e9<\/h2>\n<p id=\"ember1702\" class=\"ember-view reader-text-block__paragraph\">Lors de son \u201c\u0153il de l\u2019expert\u201d, <a id=\"ember1703\" class=\"ember-view\" tabindex=\"0\" href=\"https:\/\/www.linkedin.com\/in\/mikehadjadj\/\">Mike Hadjadj \ud83d\udecd\ufe0f<\/a> a propos\u00e9 un panorama tr\u00e8s dense des innovations supply chain \u00e0 l\u2019international.<\/p>\n<p id=\"ember1704\" class=\"ember-view reader-text-block__paragraph\">Le point cl\u00e9 est simple : pendant longtemps, la supply chain a surtout \u00e9t\u00e9 pens\u00e9e pour <strong>livrer plus vite et moins cher<\/strong>. Aujourd\u2019hui, la logique change.<\/p>\n<p id=\"ember1705\" class=\"ember-view reader-text-block__paragraph\">\ud83d\udc49 Il ne s\u2019agit plus seulement d\u2019optimiser les co\u00fbts. \ud83d\udc49 Il s\u2019agit de <strong>mieux pr\u00e9voir, mieux allouer, mieux ex\u00e9cuter et mieux livrer<\/strong>.<\/p>\n<p id=\"ember1706\" class=\"ember-view reader-text-block__paragraph\">Autrement dit, on passe d\u2019une logique de co\u00fbt \u00e0 une logique <strong>d\u2019orchestration<\/strong>.<\/p>\n<h3 id=\"ember1707\" class=\"ember-view reader-text-block__heading-3\">\ud83d\udcca Une bascule d\u00e9j\u00e0 visible<\/h3>\n<p id=\"ember1708\" class=\"ember-view reader-text-block__paragraph\">Quelques chiffres r\u00e9sument bien le mouvement :<\/p>\n<ul>\n<li><strong>2 dirigeants retail sur 3<\/strong> pr\u00e9voient de reconfigurer leur supply chain si les co\u00fbts augmentent<\/li>\n<li><strong>30 %<\/strong> utilisent d\u00e9j\u00e0 l\u2019IA sur certains maillons<\/li>\n<li><strong>41 %<\/strong> pourraient l\u2019utiliser \u00e0 12 mois<\/li>\n<li><strong>59 %<\/strong> anticipent un ROI sous 12 mois<\/li>\n<li><strong>51 %<\/strong> citent l\u2019efficacit\u00e9 comme priorit\u00e9 n\u00b01<\/li>\n<\/ul>\n<p id=\"ember1710\" class=\"ember-view reader-text-block__paragraph\">Le sujet n\u2019est donc plus exp\u00e9rimental. L\u2019IA devient un levier op\u00e9rationnel.<\/p>\n<h3 id=\"ember1711\" class=\"ember-view reader-text-block__heading-3\">\ud83e\udde0 Trois verbes structurent la transformation<\/h3>\n<p id=\"ember1712\" class=\"ember-view reader-text-block__paragraph\">Mike Hadjadj r\u00e9sume cette mutation autour de <strong>trois briques<\/strong> :<\/p>\n<ul>\n<li><strong>Pr\u00e9voir<\/strong><\/li>\n<li><strong>Automatiser<\/strong><\/li>\n<li><strong>Orchestrer<\/strong><\/li>\n<\/ul>\n<p id=\"ember1714\" class=\"ember-view reader-text-block__paragraph\">Avec, derri\u00e8re, trois priorit\u00e9s tr\u00e8s concr\u00e8tes :<\/p>\n<ul>\n<li>mieux exploiter la <strong>data<\/strong><\/li>\n<li>lancer une <strong>automatisation cibl\u00e9e<\/strong><\/li>\n<li>mettre en place une <strong>gouvernance capable de passer du pilote au scale<\/strong><\/li>\n<\/ul>\n<p id=\"ember1716\" class=\"ember-view reader-text-block__paragraph\">L\u2019id\u00e9e n\u2019est pas de tout transformer d\u2019un coup, mais de commencer l\u00e0 o\u00f9 le ROI est <strong>rapide et visible<\/strong>.<\/p>\n<div class=\"reader-image-block reader-image-block--full-width\">\n<figure class=\"reader-image-block__figure\">\n<div class=\"ivm-image-view-model    reader-image-block__img-container\">\n<div class=\"ivm-view-attr__img-wrapper\n\n        \"><img decoding=\"async\" id=\"ember1717\" class=\"ivm-view-attr__img--centered  reader-image-block__img evi-image lazy-image ember-view\" src=\"https:\/\/media.licdn.com\/dms\/image\/v2\/D4E12AQG5bu__kIEa6Q\/article-inline_image-shrink_1000_1488\/B4EZ25M_xwJMAQ-\/0\/1776928686978?e=1779321600&amp;v=beta&amp;t=KdVGX6rOIKlamzv0oyfv2iLvk23fA-mAX5nBiLJz90A\" alt=\"Contenu de l\u2019article\" \/><\/div>\n<\/div><figcaption class=\"reader-image-block__figure-image-caption display-block full-width text-body-small-open t-sans text-align-center t-black--light\"><\/figcaption><\/figure>\n<\/div>\n<h3 id=\"ember1718\" class=\"ember-view reader-text-block__heading-3\">\ud83d\udd2e Pr\u00e9voir : du forecast au signal temps r\u00e9el<\/h3>\n<p id=\"ember1719\" class=\"ember-view reader-text-block__paragraph\">C\u2019est sans doute l\u2019un des basculements les plus forts.<\/p>\n<p id=\"ember1720\" class=\"ember-view reader-text-block__paragraph\">Chez <strong>Amazon<\/strong>, avec Chronos, la pr\u00e9vision de la demande int\u00e8gre une multitude de signaux, y compris externes comme la m\u00e9t\u00e9o, le calendrier ou les \u00e9v\u00e9nements.<\/p>\n<p id=\"ember1721\" class=\"ember-view reader-text-block__paragraph\">Chez <a class=\"QpagyvlcQUXvtNmvppcVpCcDvwBtrXdaosr \" tabindex=\"0\" href=\"http:\/\/jd.com\/\" target=\"_self\" data-test-app-aware-link=\"\"><strong>JD.com<\/strong><\/a>, la logique va jusqu\u2019\u00e0 pr\u00e9voir par SKU, par zone et par p\u00e9riode, avec allocation dynamique des stocks.<\/p>\n<p id=\"ember1722\" class=\"ember-view reader-text-block__paragraph\">Chez <strong>Walmart<\/strong>, FreshSync AI permet de piloter les produits frais \u00e0 l\u2019\u00e9chelle du magasin, avec une promesse de r\u00e9duction du gaspillage et d\u2019am\u00e9lioration de la marge.<\/p>\n<p id=\"ember1723\" class=\"ember-view reader-text-block__paragraph\">Mais le cas le plus frappant reste sans doute <strong>Shein<\/strong>.<\/p>\n<p id=\"ember1724\" class=\"ember-view reader-text-block__paragraph\">L\u00e0 o\u00f9 le retail fonctionnait selon la s\u00e9quence : <strong>je pr\u00e9vois \u2192 je produis \u2192 je vends<\/strong>,<\/p>\n<p id=\"ember1725\" class=\"ember-view reader-text-block__paragraph\">Shein bascule vers : <strong>je teste \u2192 je mesure \u2192 j\u2019adapte<\/strong>.<\/p>\n<p id=\"ember1726\" class=\"ember-view reader-text-block__paragraph\">L\u2019entreprise analyse en temps r\u00e9el des millions de signaux, lance des micro-s\u00e9ries, observe imm\u00e9diatement clics, conversions, ajouts panier ou retours, puis d\u00e9cide d\u2019arr\u00eater ou d\u2019acc\u00e9l\u00e9rer.<\/p>\n<p id=\"ember1727\" class=\"ember-view reader-text-block__paragraph\">\ud83d\udc49 On ne pr\u00e9dit plus seulement la demande. On la <strong>mesure en temps r\u00e9el<\/strong>.<\/p>\n<div class=\"reader-image-block reader-image-block--full-width\">\n<figure class=\"reader-image-block__figure\">\n<div class=\"ivm-image-view-model    reader-image-block__img-container\">\n<div class=\"ivm-view-attr__img-wrapper\n\n        \"><img decoding=\"async\" id=\"ember1728\" class=\"ivm-view-attr__img--centered  reader-image-block__img evi-image lazy-image ember-view\" src=\"https:\/\/media.licdn.com\/dms\/image\/v2\/D4E12AQHMp2B9jc3d4g\/article-inline_image-shrink_1000_1488\/B4EZ25NGeSK8AQ-\/0\/1776928714451?e=1779321600&amp;v=beta&amp;t=Jk2N-XoYS796PGp_LX5b0o_bgyIkZgzQ9JAS_SsG63E\" alt=\"Contenu de l\u2019article\" \/><\/div>\n<\/div><figcaption class=\"reader-image-block__figure-image-caption display-block full-width text-body-small-open t-sans text-align-center t-black--light\"><\/figcaption><\/figure>\n<\/div>\n<h3 id=\"ember1729\" class=\"ember-view reader-text-block__heading-3\">\ud83d\udce6 Stocker : rendre le stock intelligent<\/h3>\n<p id=\"ember1730\" class=\"ember-view reader-text-block__paragraph\">Autre pilier : la visibilit\u00e9 stock.<\/p>\n<p id=\"ember1731\" class=\"ember-view reader-text-block__paragraph\"><strong>Zara<\/strong> reste une r\u00e9f\u00e9rence avec la RFID, qui a permis de suivre chaque produit avec une pr\u00e9cision tr\u00e8s \u00e9lev\u00e9e, puis d\u2019unifier stock magasin et stock online. R\u00e9sultat : le magasin devient un maillon logistique \u00e0 part enti\u00e8re.<\/p>\n<p id=\"ember1732\" class=\"ember-view reader-text-block__paragraph\"><strong>Walmart<\/strong> pousse aussi tr\u00e8s loin la logique de visibilit\u00e9 avec ses capteurs Bluetooth sur palettes, notamment pour mieux suivre localisation, temp\u00e9rature et humidit\u00e9.<\/p>\n<p id=\"ember1733\" class=\"ember-view reader-text-block__paragraph\">Et <strong>Lowe\u2019s<\/strong> montre une autre voie avec le jumeau num\u00e9rique magasin : mod\u00e9lisation 3D, simulation merchandising, d\u00e9tection de ruptures ou d\u2019erreurs de placement.<\/p>\n<p id=\"ember1734\" class=\"ember-view reader-text-block__paragraph\">\ud83d\udc49 Le stock n\u2019est plus seulement un volume. C\u2019est une donn\u00e9e pilotable en temps r\u00e9el.<\/p>\n<div class=\"reader-image-block reader-image-block--full-width\">\n<figure class=\"reader-image-block__figure\">\n<div class=\"ivm-image-view-model    reader-image-block__img-container\">\n<div class=\"ivm-view-attr__img-wrapper\n\n        \"><img decoding=\"async\" id=\"ember1735\" class=\"ivm-view-attr__img--centered  reader-image-block__img evi-image lazy-image ember-view\" src=\"https:\/\/media.licdn.com\/dms\/image\/v2\/D4E12AQHp0fxPdGwCHA\/article-inline_image-shrink_1500_2232\/B4EZ25NTJGIcAY-\/0\/1776928766256?e=1779321600&amp;v=beta&amp;t=nndoOg9kKSarTmMXoCMRXxMSplRPSBkaIbemCqsyYNg\" alt=\"Contenu de l\u2019article\" \/><\/div>\n<\/div><figcaption class=\"reader-image-block__figure-image-caption display-block full-width text-body-small-open t-sans text-align-center t-black--light\"><\/figcaption><\/figure>\n<\/div>\n<h3 id=\"ember1736\" class=\"ember-view reader-text-block__heading-3\">\ud83c\udfaf Allouer : mettre le bon produit au bon endroit<\/h3>\n<p id=\"ember1737\" class=\"ember-view reader-text-block__paragraph\">Pr\u00e9voir ne suffit pas. Encore faut-il <strong>placer correctement les stocks<\/strong>.<\/p>\n<p id=\"ember1738\" class=\"ember-view reader-text-block__paragraph\"><strong>H&amp;M<\/strong> travaille d\u00e9j\u00e0 sur des assortiments adapt\u00e9s \u00e0 chaque point de vente gr\u00e2ce \u00e0 l\u2019analyse continue des tickets, retours, ventes et donn\u00e9es de fid\u00e9lit\u00e9.<\/p>\n<p id=\"ember1739\" class=\"ember-view reader-text-block__paragraph\"><strong>Alibaba<\/strong> pousse cette logique \u00e0 grande \u00e9chelle avec un routage intelligent des stocks entre hubs, y compris en cross-border.<\/p>\n<p id=\"ember1740\" class=\"ember-view reader-text-block__paragraph\"><strong>Amazon<\/strong> va encore plus loin avec sa supply chain pr\u00e9dictive : certains produits commencent \u00e0 se rapprocher du client <strong>avant m\u00eame la commande<\/strong>.<\/p>\n<p id=\"ember1741\" class=\"ember-view reader-text-block__paragraph\">Et chez <strong>Target<\/strong>, l\u2019algorithme arbitre en permanence entre demande, promotions, saisonnalit\u00e9, rapidit\u00e9 et co\u00fbts logistiques.<\/p>\n<p id=\"ember1742\" class=\"ember-view reader-text-block__paragraph\">\ud83d\udc49 Le sujet n\u2019est plus seulement d\u2019avoir du stock. C\u2019est d\u2019avoir <strong>le bon stock, au bon endroit, au bon moment<\/strong>.<\/p>\n<div class=\"reader-image-block reader-image-block--full-width\">\n<figure class=\"reader-image-block__figure\">\n<div class=\"ivm-image-view-model    reader-image-block__img-container\">\n<div class=\"ivm-view-attr__img-wrapper\n\n        \"><img decoding=\"async\" id=\"ember1743\" class=\"ivm-view-attr__img--centered  reader-image-block__img evi-image lazy-image ember-view\" src=\"https:\/\/media.licdn.com\/dms\/image\/v2\/D4E12AQFJDyVsdlP2Jg\/article-inline_image-shrink_1000_1488\/B4EZ25NZzyIMBo-\/0\/1776928793808?e=1779321600&amp;v=beta&amp;t=wutRFiRN5r8Y7EkOjK9SIe-4WPNSo0XiqjLRLk_3WrM\" alt=\"Contenu de l\u2019article\" \/><\/div>\n<\/div><figcaption class=\"reader-image-block__figure-image-caption display-block full-width text-body-small-open t-sans text-align-center t-black--light\"><\/figcaption><\/figure>\n<\/div>\n<h3 id=\"ember1744\" class=\"ember-view reader-text-block__heading-3\">\ud83e\udd16 Robotiser : l\u2019IA change l\u2019\u00e9chelle<\/h3>\n<p id=\"ember1745\" class=\"ember-view reader-text-block__paragraph\">La robotisation n\u2019est pas nouvelle. Mais l\u2019IA change profond\u00e9ment sa port\u00e9e.<\/p>\n<p id=\"ember1746\" class=\"ember-view reader-text-block__paragraph\">Chez <a class=\"QpagyvlcQUXvtNmvppcVpCcDvwBtrXdaosr \" tabindex=\"0\" href=\"http:\/\/jd.com\/\" target=\"_self\" data-test-app-aware-link=\"\"><strong>JD.com<\/strong><\/a>, entrep\u00f4ts, tri et livraison sont pilot\u00e9s \u00e0 tr\u00e8s grande \u00e9chelle par la donn\u00e9e et l\u2019IA.<\/p>\n<p id=\"ember1747\" class=\"ember-view reader-text-block__paragraph\">Chez <strong>Amazon<\/strong>, plusieurs briques se compl\u00e8tent :<\/p>\n<ul>\n<li>Sequoia pour amener les produits aux op\u00e9rateurs<\/li>\n<li>DeepFleet pour orchestrer les robots comme un contr\u00f4le a\u00e9rien<\/li>\n<li>et les nouveaux fulfillment centers \u201cnext gen\u201d, beaucoup plus robotis\u00e9s<\/li>\n<\/ul>\n<p id=\"ember1749\" class=\"ember-view reader-text-block__paragraph\">Chez <strong>Decathlon<\/strong>, avec Exotec, les robots montent en hauteur et r\u00e9duisent fortement les d\u00e9placements des op\u00e9rateurs.<\/p>\n<p id=\"ember1750\" class=\"ember-view reader-text-block__paragraph\">Chez <strong>Tesco<\/strong> ou <strong>Albert Heijn<\/strong>, micro-fulfillment et automatisation partielle ou totale acc\u00e9l\u00e8rent la pr\u00e9paration locale.<\/p>\n<p id=\"ember1751\" class=\"ember-view reader-text-block__paragraph\">\ud83d\udc49 La robotisation ne vise plus seulement le gain de productivit\u00e9. Elle transforme la structure m\u00eame de l\u2019ex\u00e9cution.<\/p>\n<div class=\"reader-image-block reader-image-block--full-width\">\n<figure class=\"reader-image-block__figure\">\n<div class=\"ivm-image-view-model    reader-image-block__img-container\">\n<div class=\"ivm-view-attr__img-wrapper\n\n        \"><img decoding=\"async\" id=\"ember1752\" class=\"ivm-view-attr__img--centered  reader-image-block__img evi-image lazy-image ember-view\" src=\"https:\/\/media.licdn.com\/dms\/image\/v2\/D4E12AQGHIPR7jMgxqw\/article-inline_image-shrink_1000_1488\/B4EZ25Njn5GYAQ-\/0\/1776928834128?e=1779321600&amp;v=beta&amp;t=sQDidQWXR1BjbF2dXPvc5hPcnSQkeb36lpiiFl1eorw\" alt=\"Contenu de l\u2019article\" \/><\/div>\n<\/div><figcaption class=\"reader-image-block__figure-image-caption display-block full-width text-body-small-open t-sans text-align-center t-black--light\"><\/figcaption><\/figure>\n<\/div>\n<h3 id=\"ember1753\" class=\"ember-view reader-text-block__heading-3\">\ud83d\udccd Se rapprocher : le magasin devient hub<\/h3>\n<p id=\"ember1754\" class=\"ember-view reader-text-block__paragraph\">L\u2019autre tendance forte, c\u2019est le rapprochement avec le consommateur.<\/p>\n<p id=\"ember1755\" class=\"ember-view reader-text-block__paragraph\"><strong>Walmart<\/strong>, <strong>Target<\/strong>, <strong>Carrefour<\/strong> ou <strong>Ikea<\/strong> convergent vers une m\u00eame id\u00e9e : le magasin n\u2019est plus seulement un point de vente, c\u2019est aussi un <strong>hub logistique local<\/strong>.<\/p>\n<p id=\"ember1756\" class=\"ember-view reader-text-block__paragraph\">Chez <strong>Target<\/strong>, 95 % des commandes online sont d\u00e9j\u00e0 pr\u00e9par\u00e9es en magasin. Chez <strong>Ikea<\/strong>, les magasins deviennent aussi des centres de pr\u00e9paration et d\u2019exp\u00e9dition urbaine. Et chez <strong>Zalando<\/strong>, ce sont m\u00eame les magasins partenaires qui deviennent des points d\u2019ex\u00e9cution logistique.<\/p>\n<p id=\"ember1757\" class=\"ember-view reader-text-block__paragraph\">\ud83d\udc49 L\u2019omnicanal ne rel\u00e8ve plus seulement du marketing. C\u2019est devenu une <strong>architecture supply<\/strong><\/p>\n<div class=\"reader-image-block reader-image-block--full-width\">\n<figure class=\"reader-image-block__figure\">\n<div class=\"ivm-image-view-model    reader-image-block__img-container\">\n<div class=\"ivm-view-attr__img-wrapper\n\n        \"><img decoding=\"async\" id=\"ember1758\" class=\"ivm-view-attr__img--centered  reader-image-block__img evi-image lazy-image ember-view\" src=\"https:\/\/media.licdn.com\/dms\/image\/v2\/D4E12AQFR7NSmzqPw5w\/article-inline_image-shrink_1500_2232\/B4EZ25NtlMHcAY-\/0\/1776928875057?e=1779321600&amp;v=beta&amp;t=GT7PmRvhzZa2CseODcy163kurKlDhOLCMAwoRG_enNA\" alt=\"Contenu de l\u2019article\" \/><\/div>\n<\/div><figcaption class=\"reader-image-block__figure-image-caption display-block full-width text-body-small-open t-sans text-align-center t-black--light\"><\/figcaption><\/figure>\n<\/div>\n<h3 id=\"ember1759\" class=\"ember-view reader-text-block__heading-3\">\ud83d\ude80 Toucher : du dernier kilom\u00e8tre aux derniers centim\u00e8tres<\/h3>\n<p id=\"ember1760\" class=\"ember-view reader-text-block__paragraph\">Dernier sujet : la livraison du dernier kilom\u00e8tre\u2026 ou plut\u00f4t des <strong>derniers m\u00e8tres<\/strong>.<\/p>\n<p id=\"ember1761\" class=\"ember-view reader-text-block__paragraph\">Mike Hadjadj rappelle qu\u2019en France, ces usages restent encore peu visibles. Mais ailleurs, ils sont d\u00e9j\u00e0 bien r\u00e9els :<\/p>\n<ul>\n<li>robots livreurs sur campus ou quartiers urbains<\/li>\n<li>v\u00e9hicules autonomes de livraison<\/li>\n<li>drones pour repas, colis ou produits de proximit\u00e9<\/li>\n<li>d\u00e9veloppement massif en Asie et aux \u00c9tats-Unis<\/li>\n<\/ul>\n<p id=\"ember1763\" class=\"ember-view reader-text-block__paragraph\">La Chine pousse particuli\u00e8rement fort cette logique, avec des routes commerciales de drones d\u00e9j\u00e0 actives et un co\u00fbt de livraison devenu inf\u00e9rieur au co\u00fbt humain dans certains cas.<\/p>\n<p id=\"ember1764\" class=\"ember-view reader-text-block__paragraph\">Walmart, de son c\u00f4t\u00e9, d\u00e9veloppe aussi fortement la livraison par drone dans plusieurs m\u00e9tropoles am\u00e9ricaines.<\/p>\n<p id=\"ember1765\" class=\"ember-view reader-text-block__paragraph\">\ud83d\udc49 Ce qui ressemble encore ici \u00e0 de la d\u00e9monstration est d\u00e9j\u00e0, ailleurs, un <strong>mod\u00e8le op\u00e9rationnel<\/strong>.<\/p>\n<div class=\"reader-image-block reader-image-block--full-width\">\n<figure class=\"reader-image-block__figure\">\n<div class=\"ivm-image-view-model    reader-image-block__img-container\">\n<div class=\"ivm-view-attr__img-wrapper\n\n        \"><img decoding=\"async\" id=\"ember1766\" class=\"ivm-view-attr__img--centered  reader-image-block__img evi-image lazy-image ember-view\" src=\"https:\/\/media.licdn.com\/dms\/image\/v2\/D4E12AQE_cNQ2BNqQiQ\/article-inline_image-shrink_1500_2232\/B4EZ25OFkxIMAY-\/0\/1776928972701?e=1779321600&amp;v=beta&amp;t=LQQPTipaYAM8MG8TZiz4nhyF22A3SZkQuMsNjV54-aw\" alt=\"Contenu de l\u2019article\" \/><\/div>\n<\/div><figcaption class=\"reader-image-block__figure-image-caption display-block full-width text-body-small-open t-sans text-align-center t-black--light\"><\/figcaption><\/figure>\n<\/div>\n<h3 id=\"ember1767\" class=\"ember-view reader-text-block__heading-3\">\ud83e\uddbe Et apr\u00e8s ? Robots humano\u00efdes et dark factories<\/h3>\n<p id=\"ember1768\" class=\"ember-view reader-text-block__paragraph\">En fin d\u2019intervention, Mike Hadjadj ouvre une perspective encore plus radicale :<\/p>\n<ul>\n<li>robots capables d\u2019apprendre en observant des humains<\/li>\n<li>robots r\u00e9sistants \u00e0 tous les environnements<\/li>\n<li>usines sans lumi\u00e8re, sans chauffage, sans pr\u00e9sence humaine<\/li>\n<li>production autonome 24h\/24 sur plusieurs jours<\/li>\n<\/ul>\n<p id=\"ember1770\" class=\"ember-view reader-text-block__paragraph\">Cela peut sembler extr\u00eame, mais l\u2019id\u00e9e est claire : certaines briques de la supply chain se dirigent d\u00e9j\u00e0 vers une automatisation bien plus profonde que celle qu\u2019on imaginait il y a encore peu.<\/p>\n<h3 id=\"ember1771\" class=\"ember-view reader-text-block__heading-3\">\ud83d\udcac Ce qu\u2019il faut retenir<\/h3>\n<p id=\"ember1772\" class=\"ember-view reader-text-block__paragraph\">La vraie le\u00e7on de cette prise de parole, c\u2019est que la supply chain n\u2019est plus seulement un sujet de logistique.<\/p>\n<p id=\"ember1773\" class=\"ember-view reader-text-block__paragraph\">Elle devient :<\/p>\n<ul>\n<li><strong>un syst\u00e8me de d\u00e9cision<\/strong><\/li>\n<li><strong>un syst\u00e8me de pilotage<\/strong><\/li>\n<li><strong>un syst\u00e8me d\u2019ex\u00e9cution<\/strong><\/li>\n<li>et surtout <strong>un avantage concurrentiel<\/strong><\/li>\n<\/ul>\n<p id=\"ember1775\" class=\"ember-view reader-text-block__paragraph\">Demain, les acteurs qui performeront ne seront pas seulement ceux qui livrent vite ou pas cher.<\/p>\n<p id=\"ember1776\" class=\"ember-view reader-text-block__paragraph\">Ce seront ceux qui sauront <strong>pr\u00e9voir mieux, allouer plus juste, automatiser intelligemment et orchestrer l\u2019ensemble en temps r\u00e9el<\/strong>.<\/p>\n<div class=\"reader-image-block reader-image-block--full-width\">\n<figure class=\"reader-image-block__figure\">\n<div class=\"ivm-image-view-model    reader-image-block__img-container\">\n<div class=\"ivm-view-attr__img-wrapper\n\n        \"><img decoding=\"async\" id=\"ember1777\" class=\"ivm-view-attr__img--centered  reader-image-block__img evi-image lazy-image ember-view\" src=\"https:\/\/media.licdn.com\/dms\/image\/v2\/D4E12AQFxGxapj15TXg\/article-inline_image-shrink_1500_2232\/B4EZ22wm_ZIcAU-\/0\/1776887695978?e=1779321600&amp;v=beta&amp;t=E5rwUTiZLjLi5qFsJGaW1u0oeFFykPo7QT0M2VNp5ps\" alt=\"Contenu de l\u2019article\" \/><\/div>\n<\/div><figcaption class=\"reader-image-block__figure-image-caption display-block full-width text-body-small-open t-sans text-align-center t-black--light\"><\/figcaption><\/figure>\n<\/div>\n<h2 id=\"ember1778\" class=\"ember-view reader-text-block__heading-2\">IA et supply chain : des usages tr\u00e8s concrets, entre pr\u00e9vision, collaboration et excellence op\u00e9rationnelle<\/h2>\n<p id=\"ember1779\" class=\"ember-view reader-text-block__paragraph\"><strong>Intervenants :<\/strong> <strong>Arthur Caron<\/strong> : Directeur Supply Chain &#8211; Monoprix et <strong>Julien-Pierre Renier<\/strong> : CFO &#8211; Carel<\/p>\n<p id=\"ember1780\" class=\"ember-view reader-text-block__paragraph\">Lors de cette table ronde consacr\u00e9e \u00e0 <strong>l\u2019IA au service d\u2019une supply chain toujours plus r\u00e9siliente et performante<\/strong>, les \u00e9changes entre Arthur Caron et Julien-Pierre Renier ont mis en lumi\u00e8re une r\u00e9alit\u00e9 simple : l\u2019IA transforme d\u00e9j\u00e0 la supply chain, mais elle ne vaut que si elle s\u2019inscrit dans une organisation solide, une vraie discipline op\u00e9rationnelle et une collaboration renforc\u00e9e avec l\u2019ensemble de l\u2019\u00e9cosyst\u00e8me.<\/p>\n<p id=\"ember1781\" class=\"ember-view reader-text-block__paragraph\">Derri\u00e8re les discours sur la tech, on parle en r\u00e9alit\u00e9 de sujets tr\u00e8s concrets : <strong>mieux pr\u00e9voir, mieux r\u00e9approvisionner, mieux collaborer, mieux servir le client<\/strong>.<\/p>\n<h3 id=\"ember1782\" class=\"ember-view reader-text-block__heading-3\">\ud83c\udfec Deux entreprises, deux \u00e9chelles, un m\u00eame enjeu : gagner en justesse<\/h3>\n<p id=\"ember1783\" class=\"ember-view reader-text-block__paragraph\">Chez <strong>Monoprix<\/strong>, la supply chain op\u00e8re \u00e0 tr\u00e8s grande \u00e9chelle :<\/p>\n<ul>\n<li><strong>plus de 600 magasins<\/strong><\/li>\n<li><strong>15 000 collaborateurs<\/strong><\/li>\n<li><strong>600 000 clients par jour<\/strong><\/li>\n<li><strong>4 milliards d\u2019euros de chiffre d\u2019affaires en 2025<\/strong><\/li>\n<\/ul>\n<p id=\"ember1785\" class=\"ember-view reader-text-block__paragraph\">Sur l\u2019alimentaire, l\u2019enseigne propose <strong>41 000 r\u00e9f\u00e9rences en ligne<\/strong>. La pr\u00e9paration e-commerce s\u2019appuie notamment sur la technologie <strong>Ocado<\/strong>, avec environ <strong>2 500 commandes pr\u00e9par\u00e9es chaque jour par des robots<\/strong>. C\u00f4t\u00e9 non-alimentaire, la croissance passe aussi par une pr\u00e9paration en entrep\u00f4t avec <strong>Exotec<\/strong> en r\u00e9gion parisienne.<\/p>\n<p id=\"ember1786\" class=\"ember-view reader-text-block__paragraph\">Chez <strong>Carel<\/strong>, l\u2019\u00e9chelle est diff\u00e9rente, mais la complexit\u00e9 bien r\u00e9elle. La marque, forte de <strong>75 ans d\u2019existence<\/strong>, produit <strong>40 000 \u00e0 50 000 paires par an<\/strong>. Chaque mod\u00e8le se d\u00e9cline en plusieurs mati\u00e8res, couleurs et pointures, ce qui g\u00e9n\u00e8re un nombre de SKU tr\u00e8s important. Ces derni\u00e8res ann\u00e9es, l\u2019entreprise a donc cherch\u00e9 \u00e0 <strong>ramener de la simplicit\u00e9<\/strong>, en rationalisant les collections et en r\u00e9orientant davantage son mod\u00e8le vers le <strong>B2C<\/strong>.<\/p>\n<h3 id=\"ember1787\" class=\"ember-view reader-text-block__heading-3\">\ud83e\udd16 L\u2019IA comme outil d\u2019aide \u00e0 la d\u00e9cision, pas comme pilote automatique<\/h3>\n<p id=\"ember1788\" class=\"ember-view reader-text-block__paragraph\">L\u2019un des messages les plus int\u00e9ressants de cette table ronde, c\u2019est que ni Monoprix ni Carel ne pr\u00e9sentent l\u2019IA comme une baguette magique.<\/p>\n<p id=\"ember1789\" class=\"ember-view reader-text-block__paragraph\">Chez <strong>Carel<\/strong>, Julien-Pierre Renier explique tr\u00e8s clairement que la bonne formule repose sur un <strong>combo humain + IA<\/strong>. L\u2019outil permet de d\u00e9tecter des signaux faibles, de proposer des recommandations de r\u00e9assort ou de r\u00e9allocation, mais la d\u00e9cision reste discut\u00e9e, challeng\u00e9e, valid\u00e9e par les \u00e9quipes.<\/p>\n<p id=\"ember1790\" class=\"ember-view reader-text-block__paragraph\">M\u00eame logique chez <strong>Monoprix<\/strong>. Arthur Caron insiste sur un point essentiel : avant les outils, il faut des <strong>processus<\/strong>, une <strong>organisation<\/strong>, des <strong>\u00e9quipes structur\u00e9es<\/strong>. La technologie ne peut acc\u00e9l\u00e9rer que ce qui repose d\u00e9j\u00e0 sur des fondations solides.<\/p>\n<h3 id=\"ember1791\" class=\"ember-view reader-text-block__heading-3\">\ud83d\udcc8 Carel : gagner en agilit\u00e9, baisser le stock, mieux piloter les collections<\/h3>\n<p id=\"ember1792\" class=\"ember-view reader-text-block__paragraph\">Pour une PME comme Carel, la supply chain est devenue centrale parce qu\u2019elle touche \u00e0 trois sujets critiques : <strong>le cash, la marge et le risque<\/strong>.<\/p>\n<p id=\"ember1793\" class=\"ember-view reader-text-block__paragraph\">Avec <strong>Autone<\/strong>, la marque travaille depuis plusieurs ann\u00e9es sur une logique de pr\u00e9vision, de r\u00e9assort et de rebalancing beaucoup plus fine. L\u2019outil permet d\u2019identifier, \u00e0 un niveau tr\u00e8s d\u00e9taill\u00e9, les signaux sur un mod\u00e8le, une couleur, une pointure ou une r\u00e9f\u00e9rence. Ensuite, les \u00e9quipes tranchent : on suit, on ajuste, on r\u00e9assortit ou non.<\/p>\n<p id=\"ember1794\" class=\"ember-view reader-text-block__paragraph\">Le r\u00e9sultat est significatif : \u00e0 chiffre d\u2019affaires identique, Carel a r\u00e9ussi \u00e0 <strong>baisser son stock de 18 %<\/strong>.<\/p>\n<p id=\"ember1795\" class=\"ember-view reader-text-block__paragraph\">Autre \u00e9volution majeure : l\u00e0 o\u00f9 l\u2019entreprise engageait auparavant environ <strong>80 % de ses achats en campagne<\/strong>, elle est aujourd\u2019hui descendue \u00e0 <strong>50 %<\/strong>, ce qui lui donne plus d\u2019agilit\u00e9 pour ajuster ses d\u00e9cisions en cours de saison.<\/p>\n<p id=\"ember1796\" class=\"ember-view reader-text-block__paragraph\">Le prochain cap est d\u00e9j\u00e0 identifi\u00e9 : utiliser encore plus la donn\u00e9e et l\u2019IA <strong>d\u00e8s l\u2019amont de la collection<\/strong>, pour aider \u00e0 \u00e9valuer les probabilit\u00e9s de succ\u00e8s d\u2019un mod\u00e8le, selon sa forme, sa couleur, son contexte de march\u00e9 ou les tendances observ\u00e9es. Pas pour remplacer le directeur de collection, mais pour enrichir sa d\u00e9cision.<\/p>\n<div class=\"reader-image-block reader-image-block--full-width\">\n<figure class=\"reader-image-block__figure\">\n<div class=\"ivm-image-view-model    reader-image-block__img-container\">\n<div class=\"ivm-view-attr__img-wrapper\n\n        \"><img decoding=\"async\" id=\"ember1797\" class=\"ivm-view-attr__img--centered  reader-image-block__img evi-image lazy-image ember-view\" src=\"https:\/\/media.licdn.com\/dms\/image\/v2\/D4E12AQHm53qi10Z-5A\/article-inline_image-shrink_1000_1488\/B4EZ25LX2HJkAU-\/0\/1776928261677?e=1779321600&amp;v=beta&amp;t=6hFFIjsBhLSVJDOQJ30FoPlFmAQqgWCZiZq1qBQZVQQ\" alt=\"Contenu de l\u2019article\" \/><\/div>\n<\/div><figcaption class=\"reader-image-block__figure-image-caption display-block full-width text-body-small-open t-sans text-align-center t-black--light\"><\/figcaption><\/figure>\n<\/div>\n<h3 id=\"ember1799\" class=\"ember-view reader-text-block__heading-3\">\ud83d\uded2 Monoprix : mieux pr\u00e9voir pour mieux approvisionner<\/h3>\n<p id=\"ember1800\" class=\"ember-view reader-text-block__paragraph\">Chez Monoprix, la supply chain est aussi une fonction d\u2019observation avanc\u00e9e des comportements clients.<\/p>\n<p id=\"ember1801\" class=\"ember-view reader-text-block__paragraph\">Parce qu\u2019elle est directement branch\u00e9e sur les ventes, elle d\u00e9tecte souvent tr\u00e8s vite des signaux que d\u2019autres fonctions voient moins finement : mont\u00e9e de certaines cat\u00e9gories, \u00e9volution des rythmes d\u2019achat, d\u00e9placement des ventes vers le dimanche ou fragmentation croissante des courses en achats plus petits et plus fr\u00e9quents.<\/p>\n<p id=\"ember1802\" class=\"ember-view reader-text-block__paragraph\">Pour r\u00e9pondre \u00e0 cela, Monoprix s\u2019appuie d\u00e9j\u00e0 sur des mod\u00e8les de <strong>machine learning<\/strong> qui permettent d\u2019anticiper les ventes futures \u00e0 partir :<\/p>\n<ul>\n<li>des historiques de vente<\/li>\n<li>de la m\u00e9t\u00e9o<\/li>\n<li>des \u00e9v\u00e9nements locaux<\/li>\n<li>des vacances scolaires<\/li>\n<li>des tendances de consommation<\/li>\n<\/ul>\n<p id=\"ember1804\" class=\"ember-view reader-text-block__paragraph\">Ces pr\u00e9visions alimentent ensuite les algorithmes de r\u00e9approvisionnement magasin.<\/p>\n<p id=\"ember1805\" class=\"ember-view reader-text-block__paragraph\">L\u2019enjeu actuel n\u2019est pas seulement d\u2019avoir des mod\u00e8les performants, mais aussi des mod\u00e8les <strong>plus explicables<\/strong>, capables de mieux justifier leurs recommandations aupr\u00e8s des \u00e9quipes op\u00e9rationnelles et des magasins.<\/p>\n<div class=\"reader-image-block reader-image-block--full-width\">\n<figure class=\"reader-image-block__figure\">\n<div class=\"ivm-image-view-model    reader-image-block__img-container\">\n<div class=\"ivm-view-attr__img-wrapper\n\n        \"><img decoding=\"async\" id=\"ember1806\" class=\"ivm-view-attr__img--centered  reader-image-block__img evi-image lazy-image ember-view\" src=\"https:\/\/media.licdn.com\/dms\/image\/v2\/D4E12AQEd9WCsO2KqlQ\/article-inline_image-shrink_1000_1488\/B4EZ25LeA0IwAQ-\/0\/1776928286496?e=1779321600&amp;v=beta&amp;t=yzetySz7XPnIllCWg-0mfBeXNFR6s-rrbsJy8GwZ0oc\" alt=\"Contenu de l\u2019article\" \/><\/div>\n<\/div><figcaption class=\"reader-image-block__figure-image-caption display-block full-width text-body-small-open t-sans text-align-center t-black--light\"><\/figcaption><\/figure>\n<\/div>\n<h3 id=\"ember1807\" class=\"ember-view reader-text-block__heading-3\">\ud83e\udd1d La collaboration fournisseur, angle mort devenu prioritaire<\/h3>\n<p id=\"ember1808\" class=\"ember-view reader-text-block__paragraph\">Autre sujet fort soulev\u00e9 par Arthur Caron : la supply chain ne peut plus \u00eatre pens\u00e9e uniquement \u00e0 l\u2019int\u00e9rieur de l\u2019entreprise.<\/p>\n<p id=\"ember1809\" class=\"ember-view reader-text-block__paragraph\">Pour gagner en efficacit\u00e9, il faut mieux collaborer avec les fournisseurs : mieux anticiper une rupture, mieux comprendre un retard, mieux partager une information sur une op\u00e9ration commerciale ou une indisponibilit\u00e9.<\/p>\n<p id=\"ember1810\" class=\"ember-view reader-text-block__paragraph\">Monoprix a d\u00e9j\u00e0 test\u00e9 diff\u00e9rentes approches, avec un constat assez lucide : la simple mise \u00e0 disposition de data ne suffit pas toujours. Ce qui compte, c\u2019est de proposer des outils r\u00e9ellement utilisables.<\/p>\n<p id=\"ember1811\" class=\"ember-view reader-text-block__paragraph\">C\u2019est dans cette logique qu\u2019un <strong>portail fournisseur<\/strong> a \u00e9t\u00e9 mis en place pour fluidifier les \u00e9changes, aussi bien avec les petits fournisseurs qu\u2019avec les grands industriels. Et le prochain chantier consiste \u00e0 int\u00e9grer des <strong>agents IA<\/strong> pour automatiser une partie des interactions et r\u00e9duire le poids des emails, encore omnipr\u00e9sents dans les \u00e9changes quotidiens.<\/p>\n<h3 id=\"ember1812\" class=\"ember-view reader-text-block__heading-3\">\ud83c\udfea Le magasin reste une partie int\u00e9grante de la supply chain<\/h3>\n<p id=\"ember1813\" class=\"ember-view reader-text-block__paragraph\">Chez Monoprix, la supply chain ne s\u2019arr\u00eate pas \u00e0 la porte du magasin. Elle va jusqu\u2019au rayon.<\/p>\n<p id=\"ember1814\" class=\"ember-view reader-text-block__paragraph\">C\u2019est tout le sens du travail men\u00e9 autour du <strong>jumeau num\u00e9rique du magasin<\/strong>, qui agr\u00e8ge diff\u00e9rentes donn\u00e9es de performance et les rend visibles dans le brief du matin. Gr\u00e2ce \u00e0 une lecture visuelle de type heatmap, les \u00e9quipes peuvent mieux comprendre o\u00f9 se concentrent les ruptures, les tensions ou les opportunit\u00e9s.<\/p>\n<p id=\"ember1815\" class=\"ember-view reader-text-block__paragraph\">L\u2019objectif est double :<\/p>\n<ul>\n<li>mieux piloter l\u2019ex\u00e9cution en magasin<\/li>\n<li>donner plus de sens aux \u00e9quipes en reliant davantage op\u00e9rations terrain et performance business<\/li>\n<\/ul>\n<h3 id=\"ember1817\" class=\"ember-view reader-text-block__heading-3\">\ud83d\udc60 Chez Carel, la tech ne remplace pas l\u2019attention client<\/h3>\n<p id=\"ember1818\" class=\"ember-view reader-text-block__paragraph\">Le t\u00e9moignage de Carel rappelle aussi que la performance supply ne se r\u00e9sume pas \u00e0 l\u2019approvisionnement.<\/p>\n<p id=\"ember1819\" class=\"ember-view reader-text-block__paragraph\">Avec un <strong>taux de retour de 12 %<\/strong>, jug\u00e9 bas pour la chaussure, la marque met en avant deux leviers :<\/p>\n<ul>\n<li>un gros travail sur le <strong>sizing<\/strong> avec des guides d\u00e9taill\u00e9s<\/li>\n<li>une \u00e9quipe service client tr\u00e8s engag\u00e9e, pr\u00e9sente avant et apr\u00e8s l\u2019achat<\/li>\n<\/ul>\n<p id=\"ember1821\" class=\"ember-view reader-text-block__paragraph\">L\u00e0 encore, la logique reste la m\u00eame : la tech aide, mais c\u2019est le <strong>combo humain + outil<\/strong> qui fait la diff\u00e9rence.<\/p>\n<h3 id=\"ember1822\" class=\"ember-view reader-text-block__heading-3\">\ud83d\udccc Ce qu\u2019il faut retenir<\/h3>\n<p id=\"ember1823\" class=\"ember-view reader-text-block__paragraph\">Cette table ronde montre que l\u2019IA appliqu\u00e9e \u00e0 la supply chain ne rel\u00e8ve plus du concept.<\/p>\n<p id=\"ember1824\" class=\"ember-view reader-text-block__paragraph\">Elle produit d\u00e9j\u00e0 des effets tr\u00e8s concrets :<\/p>\n<ul>\n<li>meilleure pr\u00e9vision<\/li>\n<li>r\u00e9assort plus juste<\/li>\n<li>stock mieux ma\u00eetris\u00e9<\/li>\n<li>collaboration fournisseur plus fluide<\/li>\n<li>pilotage magasin plus pr\u00e9cis<\/li>\n<li>d\u00e9cisions plus rapides<\/li>\n<\/ul>\n<p id=\"ember1826\" class=\"ember-view reader-text-block__paragraph\">Mais elle ne fonctionne vraiment que lorsqu\u2019elle s\u2019appuie sur :<\/p>\n<ul>\n<li>une organisation claire<\/li>\n<li>des processus robustes<\/li>\n<li>une vraie lecture business<\/li>\n<li>et une expertise humaine capable de challenger l\u2019outil<\/li>\n<\/ul>\n<p id=\"ember1828\" class=\"ember-view reader-text-block__paragraph\">En r\u00e9sum\u00e9 : <strong>l\u2019IA n\u2019efface pas la supply chain, elle la rend plus lisible, plus r\u00e9active et plus performante.<\/strong><\/p>\n<div class=\"reader-image-block reader-image-block--full-width\">\n<figure class=\"reader-image-block__figure\">\n<div class=\"ivm-image-view-model    reader-image-block__img-container\">\n<div class=\"ivm-view-attr__img-wrapper\n\n        \"><img decoding=\"async\" id=\"ember1829\" class=\"ivm-view-attr__img--centered  reader-image-block__img evi-image lazy-image ember-view\" src=\"https:\/\/media.licdn.com\/dms\/image\/v2\/D4E12AQGlEIyVOw6bYQ\/article-inline_image-shrink_1000_1488\/B4EZ25O01MJcAU-\/0\/1776929168344?e=1779321600&amp;v=beta&amp;t=GVU-__03cj0BLUmhMlOZkUkCPc84EzsWKKb1crf6krM\" alt=\"Contenu de l\u2019article\" \/><\/div>\n<\/div><figcaption class=\"reader-image-block__figure-image-caption display-block full-width text-body-small-open t-sans text-align-center t-black--light\"><\/figcaption><\/figure>\n<\/div>\n<h2 id=\"ember1830\" class=\"ember-view reader-text-block__heading-2\">La Collab\u2019 du mois : Motoblouz x Boa Concept<\/h2>\n<p id=\"ember1831\" class=\"ember-view reader-text-block__paragraph\"><strong>Intervenants :<\/strong> <strong>Christophe Dautel : <\/strong>Directeur Supply Chain &amp; RSE &#8211; Motoblouz et <strong>Franck Girard, <\/strong>Directeur Commercial &#8211; Boa Concept<\/p>\n<p id=\"ember1832\" class=\"ember-view reader-text-block__paragraph\">On parle souvent d\u2019innovation\u2026 mais plus rarement de collaborations qui <strong>durent et \u00e9voluent dans le temps<\/strong>. C\u2019est tout l\u2019int\u00e9r\u00eat du retour d\u2019exp\u00e9rience partag\u00e9 par <strong>Motoblouz x Boa Concept<\/strong> : une collaboration construite depuis plus de <strong>10 ans<\/strong>, au rythme de la croissance du leader fran\u00e7ais de l\u2019\u00e9quipement moto.<\/p>\n<h3 id=\"ember1833\" class=\"ember-view reader-text-block__heading-3\">\ud83c\udfcd\ufe0f Une croissance qui change la donne<\/h3>\n<p id=\"ember1834\" class=\"ember-view reader-text-block__paragraph\">Motoblouz, c\u2019est aujourd\u2019hui :<\/p>\n<ul>\n<li><strong>600 000 commandes exp\u00e9di\u00e9es par an<\/strong> (vs 400 000 auparavant)<\/li>\n<li>jusqu\u2019\u00e0 <strong>7 000 colis\/jour en pic<\/strong><\/li>\n<li>et une offre qui vise bient\u00f4t <strong>300 000 produits<\/strong><\/li>\n<\/ul>\n<p id=\"ember1836\" class=\"ember-view reader-text-block__paragraph\">\ud83d\udc49 Derri\u00e8re ces chiffres : une r\u00e9alit\u00e9 logistique exigeante Produits techniques, \u00e0 forte valeur (EPI), saisonnalit\u00e9 marqu\u00e9e\u2026 Impossible de se contenter d\u2019un mod\u00e8le logistique fig\u00e9.<\/p>\n<div class=\"reader-image-block reader-image-block--full-width\">\n<figure class=\"reader-image-block__figure\">\n<div class=\"ivm-image-view-model    reader-image-block__img-container\">\n<div class=\"ivm-view-attr__img-wrapper\n\n        \"><img decoding=\"async\" id=\"ember1837\" class=\"ivm-view-attr__img--centered  reader-image-block__img evi-image lazy-image ember-view\" src=\"https:\/\/media.licdn.com\/dms\/image\/v2\/D4E12AQHsnz6p9D-gFg\/article-inline_image-shrink_1000_1488\/B4EZ25LzDSJUAQ-\/0\/1776928372639?e=1779321600&amp;v=beta&amp;t=yWQaZW8b9tu_FT0Xbh-grQmly4WSiDidWn68KJDtKkM\" alt=\"Contenu de l\u2019article\" \/><\/div>\n<\/div><figcaption class=\"reader-image-block__figure-image-caption display-block full-width text-body-small-open t-sans text-align-center t-black--light\"><\/figcaption><\/figure>\n<\/div>\n<h3 id=\"ember1838\" class=\"ember-view reader-text-block__heading-3\">\u2699\ufe0f Le vrai enjeu : automatiser\u2026 sans rigidifier<\/h3>\n<p id=\"ember1839\" class=\"ember-view reader-text-block__paragraph\">Le point cl\u00e9 de cette collaboration : <strong>concilier m\u00e9canisation et flexibilit\u00e9<\/strong><\/p>\n<p id=\"ember1840\" class=\"ember-view reader-text-block__paragraph\">Gr\u00e2ce \u00e0 une approche modulaire (convoyeurs \u00e9volutifs), Motoblouz a pu :<\/p>\n<ul>\n<li>faire \u00e9voluer son entrep\u00f4t sans repartir de z\u00e9ro<\/li>\n<li>absorber la croissance progressivement<\/li>\n<li>adapter ses flux au fil du temps<\/li>\n<\/ul>\n<h3 id=\"ember1842\" class=\"ember-view reader-text-block__heading-3\">\ud83d\udcc8 Des r\u00e9sultats tr\u00e8s concrets<\/h3>\n<ul>\n<li>Productivit\u00e9 pass\u00e9e de <strong>20 \u00e0 37-38 colis\/heure<\/strong><\/li>\n<li>Capacit\u00e9 actuelle : <strong>jusqu\u2019\u00e0 13 000 commandes\/jour<\/strong><\/li>\n<li>D\u00e9ploiement majeur r\u00e9alis\u00e9 en <strong>moins d\u2019un mois<\/strong><\/li>\n<li>Sans interruption d\u2019activit\u00e9 (m\u00eame \u00e0 l\u2019approche du Black Friday)<\/li>\n<\/ul>\n<div class=\"reader-image-block reader-image-block--full-width\">\n<figure class=\"reader-image-block__figure\">\n<div class=\"ivm-image-view-model    reader-image-block__img-container\">\n<div class=\"ivm-view-attr__img-wrapper\n\n        \"><img decoding=\"async\" id=\"ember1844\" class=\"ivm-view-attr__img--centered  reader-image-block__img evi-image lazy-image ember-view\" src=\"https:\/\/media.licdn.com\/dms\/image\/v2\/D4E12AQE9bxQRzjkN6Q\/article-inline_image-shrink_1000_1488\/B4EZ25L5w.GYAQ-\/0\/1776928400719?e=1779321600&amp;v=beta&amp;t=wR-29L4XYjW7TErPNoGnB-6ivHmby2tZQvVqc6xDBUI\" alt=\"Contenu de l\u2019article\" \/><\/div>\n<\/div><figcaption class=\"reader-image-block__figure-image-caption display-block full-width text-body-small-open t-sans text-align-center t-black--light\"><\/figcaption><\/figure>\n<\/div>\n<h3 id=\"ember1845\" class=\"ember-view reader-text-block__heading-3\">\ud83e\udd1d Ce qui fait la diff\u00e9rence<\/h3>\n<p id=\"ember1846\" class=\"ember-view reader-text-block__paragraph\">Cette collaboration montre une chose essentielle : l\u2019automatisation n\u2019est pas un \u201cone shot\u201d. C\u2019est un <strong>processus continu d\u2019adaptation<\/strong><\/p>\n<p id=\"ember1847\" class=\"ember-view reader-text-block__paragraph\">Avec 3 cl\u00e9s :<\/p>\n<ul>\n<li>penser <strong>scalabilit\u00e9 d\u00e8s le d\u00e9part<\/strong><\/li>\n<li>int\u00e9grer les <strong>contraintes terrain (ergonomie, p\u00e9nibilit\u00e9)<\/strong><\/li>\n<li>garantir la <strong>continuit\u00e9 business<\/strong><\/li>\n<\/ul>\n<h3 id=\"ember1849\" class=\"ember-view reader-text-block__heading-3\">\ud83d\udca1 \u00c0 retenir<\/h3>\n<p id=\"ember1850\" class=\"ember-view reader-text-block__paragraph\">\u2714\ufe0f Automatiser, oui\u2026 mais pas au d\u00e9triment de la flexibilit\u00e9<\/p>\n<p id=\"ember1851\" class=\"ember-view reader-text-block__paragraph\">\u2714\ufe0f La logistique doit \u00e9voluer au m\u00eame rythme que le business<\/p>\n<p id=\"ember1852\" class=\"ember-view reader-text-block__paragraph\">\u2714\ufe0f Les meilleurs projets sont ceux qui durent\u2026 et s\u2019adaptent<\/p>\n","protected":false},"excerpt":{"rendered":"<p>Apr\u00e8s une \u00e9dition \u201cvisite carrelages\u201d sur les Champs-\u00c9lys\u00e9es, retour rue de Valois pour cette 35e \u00e9dition des Jeudis de la Retail Tech, d\u00e9di\u00e9e aux enjeux de la supply chain et de la logistique. Une ambiance plus intimiste qu\u2019\u00e0 l\u2019accoutum\u00e9e, mais des \u00e9changes riches et passionnants sur une dimension parfois cach\u00e9e du retail et du e-commerce, [&hellip;]<\/p>\n","protected":false},"author":7,"featured_media":14181,"comment_status":"closed","ping_status":"closed","sticky":false,"template":"","format":"standard","meta":{"content-type":"","footnotes":""},"categories":[29,28],"tags":[],"class_list":["post-14180","post","type-post","status-publish","format-standard","has-post-thumbnail","hentry","category-nouveautes","category-retours-dexperiences"],"yoast_head":"<!-- This site is optimized with the Yoast SEO Premium plugin v26.6 (Yoast SEO v27.4) - https:\/\/yoast.com\/product\/yoast-seo-premium-wordpress\/ -->\n<title>Supply chain &amp; logistique : les enseignements cl\u00e9s des Jeudis de la Retail Tech - Optimal Ways, l&#039;agence de digital analytics et d&#039;optimisation pour l&#039;ecommerce (Paris, Lille)<\/title>\n<meta name=\"description\" content=\"Apr\u00e8s une \u00e9dition \u201cvisite carrelages\u201d sur les Champs-\u00c9lys\u00e9es, retour rue de Valois pour cette 35e \u00e9dition des Jeudis de la Retail Tech, d\u00e9di\u00e9e aux enjeux\" \/>\n<meta name=\"robots\" content=\"index, follow, max-snippet:-1, max-image-preview:large, max-video-preview:-1\" \/>\n<link rel=\"canonical\" href=\"https:\/\/www.optimalways.com\/fr\/2026\/04\/supply-chain-logistique-les-enseignements-cles-des-jeudis-de-la-retail-tech\/\" \/>\n<meta property=\"og:locale\" content=\"fr_FR\" \/>\n<meta property=\"og:type\" content=\"article\" \/>\n<meta property=\"og:title\" content=\"Supply chain &amp; logistique : les enseignements cl\u00e9s des Jeudis de la Retail Tech\" \/>\n<meta property=\"og:description\" content=\"Apr\u00e8s une \u00e9dition \u201cvisite carrelages\u201d sur les Champs-\u00c9lys\u00e9es, retour rue de Valois pour cette 35e \u00e9dition des Jeudis de la Retail Tech, d\u00e9di\u00e9e aux enjeux\" \/>\n<meta property=\"og:url\" content=\"https:\/\/www.optimalways.com\/fr\/2026\/04\/supply-chain-logistique-les-enseignements-cles-des-jeudis-de-la-retail-tech\/\" \/>\n<meta property=\"og:site_name\" content=\"Optimal Ways, l&#039;agence de digital analytics et d&#039;optimisation pour l&#039;ecommerce (Paris, Lille)\" \/>\n<meta property=\"article:published_time\" content=\"2026-04-30T09:45:07+00:00\" \/>\n<meta property=\"og:image\" content=\"https:\/\/www.optimalways.com\/wp-content\/uploads\/2026\/04\/1776889238367.jpg\" \/>\n\t<meta property=\"og:image:width\" content=\"1280\" \/>\n\t<meta property=\"og:image:height\" content=\"720\" \/>\n\t<meta property=\"og:image:type\" content=\"image\/jpeg\" \/>\n<meta name=\"author\" content=\"Paul Vaisseau\" \/>\n<meta name=\"twitter:card\" content=\"summary_large_image\" \/>\n<meta name=\"twitter:label1\" content=\"\u00c9crit par\" \/>\n\t<meta name=\"twitter:data1\" content=\"Paul Vaisseau\" \/>\n\t<meta name=\"twitter:label2\" content=\"Dur\u00e9e de lecture estim\u00e9e\" \/>\n\t<meta name=\"twitter:data2\" content=\"31 minutes\" \/>\n<script type=\"application\/ld+json\" class=\"yoast-schema-graph\">{\"@context\":\"https:\\\/\\\/schema.org\",\"@graph\":[{\"@type\":\"Article\",\"@id\":\"https:\\\/\\\/www.optimalways.com\\\/fr\\\/2026\\\/04\\\/supply-chain-logistique-les-enseignements-cles-des-jeudis-de-la-retail-tech\\\/#article\",\"isPartOf\":{\"@id\":\"https:\\\/\\\/www.optimalways.com\\\/fr\\\/2026\\\/04\\\/supply-chain-logistique-les-enseignements-cles-des-jeudis-de-la-retail-tech\\\/\"},\"author\":{\"name\":\"Paul Vaisseau\",\"@id\":\"https:\\\/\\\/www.optimalways.com\\\/fr\\\/#\\\/schema\\\/person\\\/93b7bf070e34223a551aca246d6dbb75\"},\"headline\":\"Supply chain &#038; logistique : les enseignements cl\u00e9s des Jeudis de la Retail Tech\",\"datePublished\":\"2026-04-30T09:45:07+00:00\",\"mainEntityOfPage\":{\"@id\":\"https:\\\/\\\/www.optimalways.com\\\/fr\\\/2026\\\/04\\\/supply-chain-logistique-les-enseignements-cles-des-jeudis-de-la-retail-tech\\\/\"},\"wordCount\":5885,\"publisher\":{\"@id\":\"https:\\\/\\\/www.optimalways.com\\\/fr\\\/#organization\"},\"image\":{\"@id\":\"https:\\\/\\\/www.optimalways.com\\\/fr\\\/2026\\\/04\\\/supply-chain-logistique-les-enseignements-cles-des-jeudis-de-la-retail-tech\\\/#primaryimage\"},\"thumbnailUrl\":\"https:\\\/\\\/www.optimalways.com\\\/wp-content\\\/uploads\\\/2026\\\/04\\\/1776889238367.jpg\",\"articleSection\":[\"Nouveaut\u00e9s\",\"Retours d'exp\u00e9riences\"],\"inLanguage\":\"fr-FR\"},{\"@type\":\"WebPage\",\"@id\":\"https:\\\/\\\/www.optimalways.com\\\/fr\\\/2026\\\/04\\\/supply-chain-logistique-les-enseignements-cles-des-jeudis-de-la-retail-tech\\\/\",\"url\":\"https:\\\/\\\/www.optimalways.com\\\/fr\\\/2026\\\/04\\\/supply-chain-logistique-les-enseignements-cles-des-jeudis-de-la-retail-tech\\\/\",\"name\":\"Supply chain & logistique : les enseignements cl\u00e9s des Jeudis de la Retail Tech - Optimal Ways, l&#039;agence de digital analytics et d&#039;optimisation pour l&#039;ecommerce (Paris, Lille)\",\"isPartOf\":{\"@id\":\"https:\\\/\\\/www.optimalways.com\\\/fr\\\/#website\"},\"primaryImageOfPage\":{\"@id\":\"https:\\\/\\\/www.optimalways.com\\\/fr\\\/2026\\\/04\\\/supply-chain-logistique-les-enseignements-cles-des-jeudis-de-la-retail-tech\\\/#primaryimage\"},\"image\":{\"@id\":\"https:\\\/\\\/www.optimalways.com\\\/fr\\\/2026\\\/04\\\/supply-chain-logistique-les-enseignements-cles-des-jeudis-de-la-retail-tech\\\/#primaryimage\"},\"thumbnailUrl\":\"https:\\\/\\\/www.optimalways.com\\\/wp-content\\\/uploads\\\/2026\\\/04\\\/1776889238367.jpg\",\"datePublished\":\"2026-04-30T09:45:07+00:00\",\"description\":\"Apr\u00e8s une \u00e9dition \u201cvisite carrelages\u201d sur les Champs-\u00c9lys\u00e9es, retour rue de Valois pour cette 35e \u00e9dition des Jeudis de la Retail Tech, d\u00e9di\u00e9e aux enjeux\",\"breadcrumb\":{\"@id\":\"https:\\\/\\\/www.optimalways.com\\\/fr\\\/2026\\\/04\\\/supply-chain-logistique-les-enseignements-cles-des-jeudis-de-la-retail-tech\\\/#breadcrumb\"},\"inLanguage\":\"fr-FR\",\"potentialAction\":[{\"@type\":\"ReadAction\",\"target\":[\"https:\\\/\\\/www.optimalways.com\\\/fr\\\/2026\\\/04\\\/supply-chain-logistique-les-enseignements-cles-des-jeudis-de-la-retail-tech\\\/\"]}]},{\"@type\":\"ImageObject\",\"inLanguage\":\"fr-FR\",\"@id\":\"https:\\\/\\\/www.optimalways.com\\\/fr\\\/2026\\\/04\\\/supply-chain-logistique-les-enseignements-cles-des-jeudis-de-la-retail-tech\\\/#primaryimage\",\"url\":\"https:\\\/\\\/www.optimalways.com\\\/wp-content\\\/uploads\\\/2026\\\/04\\\/1776889238367.jpg\",\"contentUrl\":\"https:\\\/\\\/www.optimalways.com\\\/wp-content\\\/uploads\\\/2026\\\/04\\\/1776889238367.jpg\",\"width\":1280,\"height\":720},{\"@type\":\"BreadcrumbList\",\"@id\":\"https:\\\/\\\/www.optimalways.com\\\/fr\\\/2026\\\/04\\\/supply-chain-logistique-les-enseignements-cles-des-jeudis-de-la-retail-tech\\\/#breadcrumb\",\"itemListElement\":[{\"@type\":\"ListItem\",\"position\":1,\"name\":\"Accueil\",\"item\":\"https:\\\/\\\/www.optimalways.com\\\/fr\\\/\"},{\"@type\":\"ListItem\",\"position\":2,\"name\":\"Supply chain &#038; logistique : les enseignements cl\u00e9s des Jeudis de la Retail Tech\"}]},{\"@type\":\"WebSite\",\"@id\":\"https:\\\/\\\/www.optimalways.com\\\/fr\\\/#website\",\"url\":\"https:\\\/\\\/www.optimalways.com\\\/fr\\\/\",\"name\":\"Optimal Ways, l'agence de digital analytics et d'optimisation pour l'ecommerce (Paris, Lille)\",\"description\":\"\",\"publisher\":{\"@id\":\"https:\\\/\\\/www.optimalways.com\\\/fr\\\/#organization\"},\"potentialAction\":[{\"@type\":\"SearchAction\",\"target\":{\"@type\":\"EntryPoint\",\"urlTemplate\":\"https:\\\/\\\/www.optimalways.com\\\/fr\\\/?s={search_term_string}\"},\"query-input\":{\"@type\":\"PropertyValueSpecification\",\"valueRequired\":true,\"valueName\":\"search_term_string\"}}],\"inLanguage\":\"fr-FR\"},{\"@type\":\"Organization\",\"@id\":\"https:\\\/\\\/www.optimalways.com\\\/fr\\\/#organization\",\"name\":\"Optimal Ways\",\"url\":\"https:\\\/\\\/www.optimalways.com\\\/fr\\\/\",\"logo\":{\"@type\":\"ImageObject\",\"inLanguage\":\"fr-FR\",\"@id\":\"https:\\\/\\\/www.optimalways.com\\\/fr\\\/#\\\/schema\\\/logo\\\/image\\\/\",\"url\":\"https:\\\/\\\/www.optimalways.com\\\/wp-content\\\/uploads\\\/2024\\\/12\\\/optimal-ways.png\",\"contentUrl\":\"https:\\\/\\\/www.optimalways.com\\\/wp-content\\\/uploads\\\/2024\\\/12\\\/optimal-ways.png\",\"width\":515,\"height\":110,\"caption\":\"Optimal Ways\"},\"image\":{\"@id\":\"https:\\\/\\\/www.optimalways.com\\\/fr\\\/#\\\/schema\\\/logo\\\/image\\\/\"},\"sameAs\":[\"https:\\\/\\\/www.linkedin.com\\\/company\\\/optimal-ways\\\/\"]},{\"@type\":\"Person\",\"@id\":\"https:\\\/\\\/www.optimalways.com\\\/fr\\\/#\\\/schema\\\/person\\\/93b7bf070e34223a551aca246d6dbb75\",\"name\":\"Paul Vaisseau\",\"image\":{\"@type\":\"ImageObject\",\"inLanguage\":\"fr-FR\",\"@id\":\"https:\\\/\\\/secure.gravatar.com\\\/avatar\\\/e7f2fc35b80c6fdc76d374d8eeb28ca0ed5c77feb6ae33e567a1e842c6b2f9da?s=96&d=mm&r=g\",\"url\":\"https:\\\/\\\/secure.gravatar.com\\\/avatar\\\/e7f2fc35b80c6fdc76d374d8eeb28ca0ed5c77feb6ae33e567a1e842c6b2f9da?s=96&d=mm&r=g\",\"contentUrl\":\"https:\\\/\\\/secure.gravatar.com\\\/avatar\\\/e7f2fc35b80c6fdc76d374d8eeb28ca0ed5c77feb6ae33e567a1e842c6b2f9da?s=96&d=mm&r=g\",\"caption\":\"Paul Vaisseau\"}}]}<\/script>\n<!-- \/ Yoast SEO Premium plugin. -->","yoast_head_json":{"title":"Supply chain & logistique : les enseignements cl\u00e9s des Jeudis de la Retail Tech - Optimal Ways, l&#039;agence de digital analytics et d&#039;optimisation pour l&#039;ecommerce (Paris, Lille)","description":"Apr\u00e8s une \u00e9dition \u201cvisite carrelages\u201d sur les Champs-\u00c9lys\u00e9es, retour rue de Valois pour cette 35e \u00e9dition des Jeudis de la Retail Tech, d\u00e9di\u00e9e aux enjeux","robots":{"index":"index","follow":"follow","max-snippet":"max-snippet:-1","max-image-preview":"max-image-preview:large","max-video-preview":"max-video-preview:-1"},"canonical":"https:\/\/www.optimalways.com\/fr\/2026\/04\/supply-chain-logistique-les-enseignements-cles-des-jeudis-de-la-retail-tech\/","og_locale":"fr_FR","og_type":"article","og_title":"Supply chain & logistique : les enseignements cl\u00e9s des Jeudis de la Retail Tech","og_description":"Apr\u00e8s une \u00e9dition \u201cvisite carrelages\u201d sur les Champs-\u00c9lys\u00e9es, retour rue de Valois pour cette 35e \u00e9dition des Jeudis de la Retail Tech, d\u00e9di\u00e9e aux enjeux","og_url":"https:\/\/www.optimalways.com\/fr\/2026\/04\/supply-chain-logistique-les-enseignements-cles-des-jeudis-de-la-retail-tech\/","og_site_name":"Optimal Ways, l&#039;agence de digital analytics et d&#039;optimisation pour l&#039;ecommerce (Paris, Lille)","article_published_time":"2026-04-30T09:45:07+00:00","og_image":[{"width":1280,"height":720,"url":"https:\/\/www.optimalways.com\/wp-content\/uploads\/2026\/04\/1776889238367.jpg","type":"image\/jpeg"}],"author":"Paul Vaisseau","twitter_card":"summary_large_image","twitter_misc":{"\u00c9crit par":"Paul Vaisseau","Dur\u00e9e de lecture estim\u00e9e":"31 minutes"},"schema":{"@context":"https:\/\/schema.org","@graph":[{"@type":"Article","@id":"https:\/\/www.optimalways.com\/fr\/2026\/04\/supply-chain-logistique-les-enseignements-cles-des-jeudis-de-la-retail-tech\/#article","isPartOf":{"@id":"https:\/\/www.optimalways.com\/fr\/2026\/04\/supply-chain-logistique-les-enseignements-cles-des-jeudis-de-la-retail-tech\/"},"author":{"name":"Paul Vaisseau","@id":"https:\/\/www.optimalways.com\/fr\/#\/schema\/person\/93b7bf070e34223a551aca246d6dbb75"},"headline":"Supply chain &#038; logistique : les enseignements cl\u00e9s des Jeudis de la Retail Tech","datePublished":"2026-04-30T09:45:07+00:00","mainEntityOfPage":{"@id":"https:\/\/www.optimalways.com\/fr\/2026\/04\/supply-chain-logistique-les-enseignements-cles-des-jeudis-de-la-retail-tech\/"},"wordCount":5885,"publisher":{"@id":"https:\/\/www.optimalways.com\/fr\/#organization"},"image":{"@id":"https:\/\/www.optimalways.com\/fr\/2026\/04\/supply-chain-logistique-les-enseignements-cles-des-jeudis-de-la-retail-tech\/#primaryimage"},"thumbnailUrl":"https:\/\/www.optimalways.com\/wp-content\/uploads\/2026\/04\/1776889238367.jpg","articleSection":["Nouveaut\u00e9s","Retours d'exp\u00e9riences"],"inLanguage":"fr-FR"},{"@type":"WebPage","@id":"https:\/\/www.optimalways.com\/fr\/2026\/04\/supply-chain-logistique-les-enseignements-cles-des-jeudis-de-la-retail-tech\/","url":"https:\/\/www.optimalways.com\/fr\/2026\/04\/supply-chain-logistique-les-enseignements-cles-des-jeudis-de-la-retail-tech\/","name":"Supply chain & logistique : les enseignements cl\u00e9s des Jeudis de la Retail Tech - Optimal Ways, l&#039;agence de digital analytics et d&#039;optimisation pour l&#039;ecommerce (Paris, Lille)","isPartOf":{"@id":"https:\/\/www.optimalways.com\/fr\/#website"},"primaryImageOfPage":{"@id":"https:\/\/www.optimalways.com\/fr\/2026\/04\/supply-chain-logistique-les-enseignements-cles-des-jeudis-de-la-retail-tech\/#primaryimage"},"image":{"@id":"https:\/\/www.optimalways.com\/fr\/2026\/04\/supply-chain-logistique-les-enseignements-cles-des-jeudis-de-la-retail-tech\/#primaryimage"},"thumbnailUrl":"https:\/\/www.optimalways.com\/wp-content\/uploads\/2026\/04\/1776889238367.jpg","datePublished":"2026-04-30T09:45:07+00:00","description":"Apr\u00e8s une \u00e9dition \u201cvisite carrelages\u201d sur les Champs-\u00c9lys\u00e9es, retour rue de Valois pour cette 35e \u00e9dition des Jeudis de la Retail Tech, d\u00e9di\u00e9e aux enjeux","breadcrumb":{"@id":"https:\/\/www.optimalways.com\/fr\/2026\/04\/supply-chain-logistique-les-enseignements-cles-des-jeudis-de-la-retail-tech\/#breadcrumb"},"inLanguage":"fr-FR","potentialAction":[{"@type":"ReadAction","target":["https:\/\/www.optimalways.com\/fr\/2026\/04\/supply-chain-logistique-les-enseignements-cles-des-jeudis-de-la-retail-tech\/"]}]},{"@type":"ImageObject","inLanguage":"fr-FR","@id":"https:\/\/www.optimalways.com\/fr\/2026\/04\/supply-chain-logistique-les-enseignements-cles-des-jeudis-de-la-retail-tech\/#primaryimage","url":"https:\/\/www.optimalways.com\/wp-content\/uploads\/2026\/04\/1776889238367.jpg","contentUrl":"https:\/\/www.optimalways.com\/wp-content\/uploads\/2026\/04\/1776889238367.jpg","width":1280,"height":720},{"@type":"BreadcrumbList","@id":"https:\/\/www.optimalways.com\/fr\/2026\/04\/supply-chain-logistique-les-enseignements-cles-des-jeudis-de-la-retail-tech\/#breadcrumb","itemListElement":[{"@type":"ListItem","position":1,"name":"Accueil","item":"https:\/\/www.optimalways.com\/fr\/"},{"@type":"ListItem","position":2,"name":"Supply chain &#038; logistique : les enseignements cl\u00e9s des Jeudis de la Retail Tech"}]},{"@type":"WebSite","@id":"https:\/\/www.optimalways.com\/fr\/#website","url":"https:\/\/www.optimalways.com\/fr\/","name":"Optimal Ways, l'agence de digital analytics et d'optimisation pour l'ecommerce (Paris, Lille)","description":"","publisher":{"@id":"https:\/\/www.optimalways.com\/fr\/#organization"},"potentialAction":[{"@type":"SearchAction","target":{"@type":"EntryPoint","urlTemplate":"https:\/\/www.optimalways.com\/fr\/?s={search_term_string}"},"query-input":{"@type":"PropertyValueSpecification","valueRequired":true,"valueName":"search_term_string"}}],"inLanguage":"fr-FR"},{"@type":"Organization","@id":"https:\/\/www.optimalways.com\/fr\/#organization","name":"Optimal Ways","url":"https:\/\/www.optimalways.com\/fr\/","logo":{"@type":"ImageObject","inLanguage":"fr-FR","@id":"https:\/\/www.optimalways.com\/fr\/#\/schema\/logo\/image\/","url":"https:\/\/www.optimalways.com\/wp-content\/uploads\/2024\/12\/optimal-ways.png","contentUrl":"https:\/\/www.optimalways.com\/wp-content\/uploads\/2024\/12\/optimal-ways.png","width":515,"height":110,"caption":"Optimal Ways"},"image":{"@id":"https:\/\/www.optimalways.com\/fr\/#\/schema\/logo\/image\/"},"sameAs":["https:\/\/www.linkedin.com\/company\/optimal-ways\/"]},{"@type":"Person","@id":"https:\/\/www.optimalways.com\/fr\/#\/schema\/person\/93b7bf070e34223a551aca246d6dbb75","name":"Paul Vaisseau","image":{"@type":"ImageObject","inLanguage":"fr-FR","@id":"https:\/\/secure.gravatar.com\/avatar\/e7f2fc35b80c6fdc76d374d8eeb28ca0ed5c77feb6ae33e567a1e842c6b2f9da?s=96&d=mm&r=g","url":"https:\/\/secure.gravatar.com\/avatar\/e7f2fc35b80c6fdc76d374d8eeb28ca0ed5c77feb6ae33e567a1e842c6b2f9da?s=96&d=mm&r=g","contentUrl":"https:\/\/secure.gravatar.com\/avatar\/e7f2fc35b80c6fdc76d374d8eeb28ca0ed5c77feb6ae33e567a1e842c6b2f9da?s=96&d=mm&r=g","caption":"Paul Vaisseau"}}]}},"_links":{"self":[{"href":"https:\/\/www.optimalways.com\/fr\/wp-json\/wp\/v2\/posts\/14180","targetHints":{"allow":["GET"]}}],"collection":[{"href":"https:\/\/www.optimalways.com\/fr\/wp-json\/wp\/v2\/posts"}],"about":[{"href":"https:\/\/www.optimalways.com\/fr\/wp-json\/wp\/v2\/types\/post"}],"author":[{"embeddable":true,"href":"https:\/\/www.optimalways.com\/fr\/wp-json\/wp\/v2\/users\/7"}],"replies":[{"embeddable":true,"href":"https:\/\/www.optimalways.com\/fr\/wp-json\/wp\/v2\/comments?post=14180"}],"version-history":[{"count":1,"href":"https:\/\/www.optimalways.com\/fr\/wp-json\/wp\/v2\/posts\/14180\/revisions"}],"predecessor-version":[{"id":14183,"href":"https:\/\/www.optimalways.com\/fr\/wp-json\/wp\/v2\/posts\/14180\/revisions\/14183"}],"wp:featuredmedia":[{"embeddable":true,"href":"https:\/\/www.optimalways.com\/fr\/wp-json\/wp\/v2\/media\/14181"}],"wp:attachment":[{"href":"https:\/\/www.optimalways.com\/fr\/wp-json\/wp\/v2\/media?parent=14180"}],"wp:term":[{"taxonomy":"category","embeddable":true,"href":"https:\/\/www.optimalways.com\/fr\/wp-json\/wp\/v2\/categories?post=14180"},{"taxonomy":"post_tag","embeddable":true,"href":"https:\/\/www.optimalways.com\/fr\/wp-json\/wp\/v2\/tags?post=14180"}],"curies":[{"name":"wp","href":"https:\/\/api.w.org\/{rel}","templated":true}]}}